{"id":72909,"date":"2025-05-31T11:26:34","date_gmt":"2025-05-31T14:26:34","guid":{"rendered":"https:\/\/sectorprensa.com.ar\/?p=72909"},"modified":"2025-05-31T11:26:36","modified_gmt":"2025-05-31T14:26:36","slug":"daniel-arroyo-a-milei-hay-que-tener-estomago-para-vetar-una-ley-por-la-discapacidad","status":"publish","type":"post","link":"https:\/\/sectorprensa.com.ar\/?p=72909","title":{"rendered":"Daniel Arroyo a Milei: \u201cHay que tener est\u00f3mago para vetar una ley por la discapacidad\u201d"},"content":{"rendered":"\n<h6 class=\"wp-block-heading\"><strong>El diputado nacional de Uni\u00f3n por la Patria encendi\u00f3 la alarma en el Congreso al anticipar que existe una \u201cmayor\u00eda amplia\u201d para aprobar el pr\u00f3ximo mi\u00e9rcoles la ley de emergencia en discapacidad.<\/strong><\/h6>\n\n\n\n<p>El diputado nacional de Uni\u00f3n por la Patria Daniel Arroyo asegur\u00f3 este viernes que hay \u201cuna mayor\u00eda amplia\u201d para aprobar el mi\u00e9rcoles pr\u00f3ximo la ley de emergencia en Discapacidad, y mencion\u00f3 la posibilidad de que el presidente Javier Milei posteriormente vete la ley, sobre lo que consider\u00f3 que \u201chay que tener est\u00f3mago\u201d para hacerlo.<\/p>\n\n\n\n<p>\u201cObjetivamente no solo tenemos una mayor\u00eda amplia, sino que aparte de los que acompa\u00f1an habitualmente al Gobierno est\u00e1n acompa\u00f1ando esta iniciativa\u201d, indic\u00f3, confiado, el ex ministro de Desarrollo Social en di\u00e1logo con Splendid AM 990.<\/p>\n\n\n\n<p>M\u00e1s all\u00e1 de que el proyecto obtenga el n\u00famero en ambas c\u00e1maras del Congreso para ser aprobado, en el caso de que el Gobierno use la facultad del veto, la oposici\u00f3n deber\u00e1 reunir una mayor\u00eda de dos tercios para insistir en su validez.<\/p>\n\n\n\n<p>El a\u00f1o pasado, luego de que Milei vetase las leyes jubilatoria y universitaria, el oficialismo logr\u00f3 blindar esos vetos al conseguir que m\u00e1s de un tercio de los diputados, a los que el presidente denomin\u00f3 \u201ch\u00e9roes\u201d, levantara una barrera contra dichas iniciativas.<\/p>\n\n\n\n<p>Para Arroyo, a diferencia de esas oportunidades, ahora hay diputados vinculados a gobernadores que en aquel momento se alinearon al Poder Ejecutivo que en esta ocasi\u00f3n apoyar\u00edan la emergencia en discapacidad y permitir\u00edan superar los dos tercios necesarios para insistir con la ley.<\/p>\n\n\n\n<p>\u00abParte de los 87 h\u00e9roes est\u00e1n acompa\u00f1ando esta ley. Matem\u00e1ticamente tiene chances de salir esta ley\u201d, asegur\u00f3 el dirigente peronista.<\/p>\n\n\n\n<p>\u201cHay que tener est\u00f3mago para vetar esta ley\u201d, agreg\u00f3 el diputado de UP, autor del proyecto que busca recomponer los montos de las prestaciones por Discapacidad de acuerdo a la inflaci\u00f3n acumulada desde diciembre de 2023, y luego establecer una indexaci\u00f3n objetiva para que la liquidaci\u00f3n de los ingresos no vuelva a quedar atrasada.<\/p>\n\n\n\n<p>\u201cNo es que quiero aumentar, quiero que le paguen los que le deben. El Gobierno no actualiz\u00f3 el nomenclador y desacomod\u00f3 las prestaciones\u201d, alert\u00f3 Arroyo.<\/p>\n\n\n\n<p>Seg\u00fan indic\u00f3, el mi\u00e9rcoles pr\u00f3ximo en el recinto de la C\u00e1mara de Diputados \u201cdeber\u00eda haber qu\u00f3rum, aprobarse la ley y tratarse r\u00e1pido en el Senado\u201d.<\/p>\n\n\n\n<p>\u201cEl Gobierno no sabe qu\u00e9 quiere hacer con la discapacidad y ha generado un estado de desesperaci\u00f3n para todas las personas\u201d, apunt\u00f3.<\/p>\n\n\n\n<p>A su entender, \u201chay un maltrato adrede\u201d hacia el colectivo de discapacidad, y puso como ejemplo la resoluci\u00f3n publicada en el Bolet\u00edn Oficial que defin\u00eda a las personas de esta condici\u00f3n como \u201cidiotas, in\u00fatiles, imb\u00e9ciles y d\u00e9biles mentales\u201d.<\/p>\n\n\n\n<p>\u201cRetroceden 100 a\u00f1os. Hay ignorancia, no solo brutalidad\u201d, concluy\u00f3 Arroyo.<\/p>\n\n\n\n<figure class=\"wp-block-embed is-type-wp-embed is-provider-sector-prensa wp-block-embed-sector-prensa\"><div class=\"wp-block-embed__wrapper\">\n<blockquote class=\"wp-embedded-content\" data-secret=\"pDePMmJbSk\"><a href=\"https:\/\/sectorprensa.com.ar\/?p=72902\">Asamblea Discas en Lucha: se realiz\u00f3 una ranchada y radio abierta<\/a><\/blockquote><iframe loading=\"lazy\" class=\"wp-embedded-content\" sandbox=\"allow-scripts\" security=\"restricted\" style=\"position: absolute; clip: rect(1px, 1px, 1px, 1px);\" title=\"\u00abAsamblea Discas en Lucha: se realiz\u00f3 una ranchada y radio abierta\u00bb \u2014 Sector Prensa\" src=\"https:\/\/sectorprensa.com.ar\/?p=72902&#038;embed=true#?secret=HsqCWPzi9y#?secret=pDePMmJbSk\" data-secret=\"pDePMmJbSk\" width=\"600\" height=\"338\" frameborder=\"0\" marginwidth=\"0\" marginheight=\"0\" scrolling=\"no\"><\/iframe>\n<\/div><\/figure>\n","protected":false},"excerpt":{"rendered":"<p>El diputado nacional de Uni\u00f3n por la Patria encendi\u00f3 la alarma en el Congreso al anticipar que existe una \u201cmayor\u00eda<\/p>\n","protected":false},"author":6,"featured_media":41393,"comment_status":"closed","ping_status":"closed","sticky":false,"template":"","format":"standard","meta":{"colormag_page_container_layout":"default_layout","colormag_page_sidebar_layout":"default_layout","footnotes":""},"categories":[17,8],"tags":[],"class_list":["post-72909","post","type-post","status-publish","format-standard","has-post-thumbnail","hentry","category-destacadas","category-politica"],"_links":{"self":[{"href":"https:\/\/sectorprensa.com.ar\/index.php?rest_route=\/wp\/v2\/posts\/72909","targetHints":{"allow":["GET"]}}],"collection":[{"href":"https:\/\/sectorprensa.com.ar\/index.php?rest_route=\/wp\/v2\/posts"}],"about":[{"href":"https:\/\/sectorprensa.com.ar\/index.php?rest_route=\/wp\/v2\/types\/post"}],"author":[{"embeddable":true,"href":"https:\/\/sectorprensa.com.ar\/index.php?rest_route=\/wp\/v2\/users\/6"}],"replies":[{"embeddable":true,"href":"https:\/\/sectorprensa.com.ar\/index.php?rest_route=%2Fwp%2Fv2%2Fcomments&post=72909"}],"version-history":[{"count":1,"href":"https:\/\/sectorprensa.com.ar\/index.php?rest_route=\/wp\/v2\/posts\/72909\/revisions"}],"predecessor-version":[{"id":72910,"href":"https:\/\/sectorprensa.com.ar\/index.php?rest_route=\/wp\/v2\/posts\/72909\/revisions\/72910"}],"wp:featuredmedia":[{"embeddable":true,"href":"https:\/\/sectorprensa.com.ar\/index.php?rest_route=\/wp\/v2\/media\/41393"}],"wp:attachment":[{"href":"https:\/\/sectorprensa.com.ar\/index.php?rest_route=%2Fwp%2Fv2%2Fmedia&parent=72909"}],"wp:term":[{"taxonomy":"category","embeddable":true,"href":"https:\/\/sectorprensa.com.ar\/index.php?rest_route=%2Fwp%2Fv2%2Fcategories&post=72909"},{"taxonomy":"post_tag","embeddable":true,"href":"https:\/\/sectorprensa.com.ar\/index.php?rest_route=%2Fwp%2Fv2%2Ftags&post=72909"}],"curies":[{"name":"wp","href":"https:\/\/api.w.org\/{rel}","templated":true}]}}