{"id":72914,"date":"2025-05-31T11:27:05","date_gmt":"2025-05-31T14:27:05","guid":{"rendered":"https:\/\/sectorprensa.com.ar\/?p=72914"},"modified":"2025-05-31T11:27:06","modified_gmt":"2025-05-31T14:27:06","slug":"moron-pone-en-marcha-un-nuevo-operativo-abrigar-para-asistir-a-personas-en-situacion-de-calle","status":"publish","type":"post","link":"https:\/\/sectorprensa.com.ar\/?p=72914","title":{"rendered":"Mor\u00f3n pone en marcha un nuevo Operativo Abrigar para asistir a personas en situaci\u00f3n de calle"},"content":{"rendered":"\n<h6 class=\"wp-block-heading\"><strong>Equipos del Estado local recorrer\u00e1n distintos puntos del distrito para garantizar derechos b\u00e1sicos ante las bajas temperaturas. Se entregar\u00e1n viandas calientes, abrigos y art\u00edculos de higiene personal.<\/strong><\/h6>\n\n\n\n<p>Desde este fin de semana, el Municipio de Mor\u00f3n pondr\u00e1 en marcha una nueva edici\u00f3n del Operativo Abrigar, una pol\u00edtica p\u00fablica orientada a acompa\u00f1ar y asistir a personas en situaci\u00f3n de calle frente a las bajas temperaturas.<\/p>\n\n\n\n<p>Por iniciativa del intendente Lucas Ghi, el programa articula recursos municipales, equipos t\u00e9cnicos y espacios institucionales para garantizar derechos b\u00e1sicos como el acceso a la alimentaci\u00f3n, el abrigo, la salud y la dignidad. Las tareas se extender\u00e1n hasta el 31 de agosto, abarcando los meses m\u00e1s fr\u00edos del a\u00f1o.<\/p>\n\n\n\n<p>El dispositivo consiste en recorridas nocturnas por distintas localidades del distrito, en las que se entregan viandas calientes, frazadas, ropa y art\u00edculos de higiene personal. Las comidas son elaboradas por personal de la Casa Comunal y estudiantes del Instituto Municipal de Educaci\u00f3n Superior \u201cMaestra Pascuala Cueto\u201d (IMES), bajo planificaci\u00f3n nutricional a cargo de profesionales del Municipio.<\/p>\n\n\n\n<p>Adem\u00e1s, un Equipo de Calle recorre los barrios de Mor\u00f3n desde la tarde y durante la noche para detectar y abordar situaciones de vulnerabilidad. En ese contexto se entregan viandas, fruta, abrigo e insumos de higiene, y se establece un v\u00ednculo directo con las personas para brindar respuestas integrales.<\/p>\n\n\n\n<p>La pol\u00edtica de atenci\u00f3n tambi\u00e9n incluye un Centro de D\u00eda, que recibe a m\u00e1s de 60 personas por jornada, donde se ofrece desayuno, ropa limpia, almuerzo y acceso a duchas. En paralelo, el Centro de Noche brinda alojamiento diario a quienes son acompa\u00f1ados por los equipos t\u00e9cnicos.<\/p>\n\n\n\n<figure class=\"wp-block-image size-full\"><img loading=\"lazy\" decoding=\"async\" width=\"676\" height=\"449\" src=\"https:\/\/sectorprensa.com.ar\/wp-content\/uploads\/2025\/05\/Captura-de-pantalla-2025-05-30-145938.png\" alt=\"\" class=\"wp-image-72916\" srcset=\"https:\/\/sectorprensa.com.ar\/wp-content\/uploads\/2025\/05\/Captura-de-pantalla-2025-05-30-145938.png 676w, https:\/\/sectorprensa.com.ar\/wp-content\/uploads\/2025\/05\/Captura-de-pantalla-2025-05-30-145938-300x199.png 300w\" sizes=\"auto, (max-width: 676px) 100vw, 676px\" \/><\/figure>\n\n\n\n<p>\u201cEl Operativo Abrigar forma parte de las pol\u00edticas impulsadas por la gesti\u00f3n de Ghi para reafirmar el compromiso con la inclusi\u00f3n y la equidad. El programa busca consolidar el tejido comunitario con una presencia estatal activa, sensible y transformadora, basada en la dignidad, la solidaridad y la justicia social\u201d, remarcaron.<\/p>\n\n\n\n<p>La Casa Comunal es un recurso clave que funciona los 365 d\u00edas del a\u00f1o, con un equipo de operadores y profesionales que brindan asistencia alimentaria, sanitaria y contenci\u00f3n emocional. En el espacio se dictan clases de nivel primario y programas FINES, a cargo de docentes del sistema educativo de adultos de la Provincia de Buenos Aires, adem\u00e1s de talleres culturales y recreativos.<\/p>\n\n\n\n<p>\u201cEn caso de conocer a una persona en situaci\u00f3n de calle, se recomienda acercarse para preguntarle su nombre y enviar la informaci\u00f3n al tel\u00e9fono 11 2290-1843. Tambi\u00e9n se puede solicitar atenci\u00f3n m\u00e9dica al 107 (SAME) o, en situaciones de riesgo, llamar al 911\u201d, informaron.<\/p>\n\n\n\n<figure class=\"wp-block-embed is-type-wp-embed is-provider-sector-prensa wp-block-embed-sector-prensa\"><div class=\"wp-block-embed__wrapper\">\n<blockquote class=\"wp-embedded-content\" data-secret=\"GPmxbfKCPl\"><a href=\"https:\/\/sectorprensa.com.ar\/?p=72879\">Mor\u00f3n avanza con alianzas estrat\u00e9gicas para potenciar la econom\u00eda circular<\/a><\/blockquote><iframe loading=\"lazy\" class=\"wp-embedded-content\" sandbox=\"allow-scripts\" security=\"restricted\" style=\"position: absolute; clip: rect(1px, 1px, 1px, 1px);\" title=\"\u00abMor\u00f3n avanza con alianzas estrat\u00e9gicas para potenciar la econom\u00eda circular\u00bb \u2014 Sector Prensa\" src=\"https:\/\/sectorprensa.com.ar\/?p=72879&#038;embed=true#?secret=ufP1jEh5W5#?secret=GPmxbfKCPl\" data-secret=\"GPmxbfKCPl\" width=\"600\" height=\"338\" frameborder=\"0\" marginwidth=\"0\" marginheight=\"0\" scrolling=\"no\"><\/iframe>\n<\/div><\/figure>\n","protected":false},"excerpt":{"rendered":"<p>Equipos del Estado local recorrer\u00e1n distintos puntos del distrito para garantizar derechos b\u00e1sicos ante las bajas temperaturas. Se entregar\u00e1n viandas<\/p>\n","protected":false},"author":6,"featured_media":72915,"comment_status":"closed","ping_status":"closed","sticky":false,"template":"","format":"standard","meta":{"colormag_page_container_layout":"default_layout","colormag_page_sidebar_layout":"default_layout","footnotes":""},"categories":[6828,5,1173,10],"tags":[],"class_list":["post-72914","post","type-post","status-publish","format-standard","has-post-thumbnail","hentry","category-mas-destacadas","category-moron","category-municipales","category-sociedad"],"_links":{"self":[{"href":"https:\/\/sectorprensa.com.ar\/index.php?rest_route=\/wp\/v2\/posts\/72914","targetHints":{"allow":["GET"]}}],"collection":[{"href":"https:\/\/sectorprensa.com.ar\/index.php?rest_route=\/wp\/v2\/posts"}],"about":[{"href":"https:\/\/sectorprensa.com.ar\/index.php?rest_route=\/wp\/v2\/types\/post"}],"author":[{"embeddable":true,"href":"https:\/\/sectorprensa.com.ar\/index.php?rest_route=\/wp\/v2\/users\/6"}],"replies":[{"embeddable":true,"href":"https:\/\/sectorprensa.com.ar\/index.php?rest_route=%2Fwp%2Fv2%2Fcomments&post=72914"}],"version-history":[{"count":1,"href":"https:\/\/sectorprensa.com.ar\/index.php?rest_route=\/wp\/v2\/posts\/72914\/revisions"}],"predecessor-version":[{"id":72917,"href":"https:\/\/sectorprensa.com.ar\/index.php?rest_route=\/wp\/v2\/posts\/72914\/revisions\/72917"}],"wp:featuredmedia":[{"embeddable":true,"href":"https:\/\/sectorprensa.com.ar\/index.php?rest_route=\/wp\/v2\/media\/72915"}],"wp:attachment":[{"href":"https:\/\/sectorprensa.com.ar\/index.php?rest_route=%2Fwp%2Fv2%2Fmedia&parent=72914"}],"wp:term":[{"taxonomy":"category","embeddable":true,"href":"https:\/\/sectorprensa.com.ar\/index.php?rest_route=%2Fwp%2Fv2%2Fcategories&post=72914"},{"taxonomy":"post_tag","embeddable":true,"href":"https:\/\/sectorprensa.com.ar\/index.php?rest_route=%2Fwp%2Fv2%2Ftags&post=72914"}],"curies":[{"name":"wp","href":"https:\/\/api.w.org\/{rel}","templated":true}]}}