{"id":72918,"date":"2025-05-31T11:26:56","date_gmt":"2025-05-31T14:26:56","guid":{"rendered":"https:\/\/sectorprensa.com.ar\/?p=72918"},"modified":"2025-05-31T11:26:57","modified_gmt":"2025-05-31T14:26:57","slug":"gustavo-menendez-las-nuevas-generaciones-van-a-seguir-levantando-la-bandera-de-la-soberania-argentina-para-las-islas","status":"publish","type":"post","link":"https:\/\/sectorprensa.com.ar\/?p=72918","title":{"rendered":"Gustavo Men\u00e9ndez: \u201cLas nuevas generaciones van a seguir levantando la bandera de la Soberan\u00eda Argentina para las Islas\u201d"},"content":{"rendered":"\n<h6 class=\"wp-block-heading\"><strong>El intendente de Merlo comparti\u00f3 la jornada de \u201cEmbajadores merlenses por Malvinas\u201d en la escuela secundaria N\u00b023 de Mariano Acosta. La propuesta otorga el viaje de alumnos a las Islas Malvinas.<\/strong><\/h6>\n\n\n\n<p>Los estudiantes de secundaria N\u00b023 de Mariano Acosta realizaron la muestra de la etapa escolar para avanzar en el concurso \u201cEmbajadores merlenses por Malvinas\u201d que otorga el viaje a las Islas Malvinas. El intendente de Merlo, Gustavo Men\u00e9ndez, comparti\u00f3 la jornada con los estudiantes y los directivos.<\/p>\n\n\n\n<p>Todos los estudiantes secundarios de escuelas estatales, privadas y CENS y FinEs de Merlo pueden participar de esta propuesta que pone en valor la historia de los Veteranos y H\u00e9roes de Malvinas para las nuevas generaciones.<\/p>\n\n\n\n<p>Los alumnos exhibieron sus trabajos correspondientes a las categor\u00edas: Freestyle Rap, Preguntas y Respuestas: \u201c\u00bfQui\u00e9n sabe m\u00e1s sobre Malvinas?\u201d, Poes\u00eda, Canci\u00f3n In\u00e9dita, Video minuto, Freestyle Rap, Teatro Unipersonal, Arte tridimensional y Cuento.<\/p>\n\n\n\n<p>\u201cM\u00e1s de 100 escuelas se encuentran en pleno desarrollo de la primera etapa del concurso hasta el 13 de junio. Luego, los finalistas de cada instituci\u00f3n competir\u00e1n para que finalmente 10 estudiantes ganadores viajen junto a nuestros Veteranos de Guerra a las Islas Malvinas\u201d, inform\u00f3 el Municipio.<\/p>\n\n\n\n<p>\u201cHoy vimos artistas maravillosos y vamos a seguir visitando escuelas, abrazando a esos chicos que, a su vez, se abrazan a la causa de Malvinas y la hacen propia\u201d, manifest\u00f3 el Intendente, quien sostuvo \u201clas nuevas generaciones van a seguir levantando la bandera de la Soberan\u00eda Argentina para las Islas, que se tiene que defender en todo el territorio de la Rep\u00fablica Argentina.\u201d<\/p>\n\n\n\n<figure class=\"wp-block-embed is-type-wp-embed is-provider-sector-prensa wp-block-embed-sector-prensa\"><div class=\"wp-block-embed__wrapper\">\n<blockquote class=\"wp-embedded-content\" data-secret=\"hD9oKbJ031\"><a href=\"https:\/\/sectorprensa.com.ar\/?p=72921\">Merlo: estudiantes de la UNO debatieron sobre justicia y democracia junto a Beraldi y Pe\u00f1afort<\/a><\/blockquote><iframe loading=\"lazy\" class=\"wp-embedded-content\" sandbox=\"allow-scripts\" security=\"restricted\" style=\"position: absolute; clip: rect(1px, 1px, 1px, 1px);\" title=\"\u00abMerlo: estudiantes de la UNO debatieron sobre justicia y democracia junto a Beraldi y Pe\u00f1afort\u00bb \u2014 Sector Prensa\" src=\"https:\/\/sectorprensa.com.ar\/?p=72921&#038;embed=true#?secret=pwQHXdoeMQ#?secret=hD9oKbJ031\" data-secret=\"hD9oKbJ031\" width=\"600\" height=\"338\" frameborder=\"0\" marginwidth=\"0\" marginheight=\"0\" scrolling=\"no\"><\/iframe>\n<\/div><\/figure>\n","protected":false},"excerpt":{"rendered":"<p>El intendente de Merlo comparti\u00f3 la jornada de \u201cEmbajadores merlenses por Malvinas\u201d en la escuela secundaria N\u00b023 de Mariano Acosta.<\/p>\n","protected":false},"author":6,"featured_media":72919,"comment_status":"closed","ping_status":"closed","sticky":false,"template":"","format":"standard","meta":{"colormag_page_container_layout":"default_layout","colormag_page_sidebar_layout":"default_layout","footnotes":""},"categories":[17,7,1173,10],"tags":[],"class_list":["post-72918","post","type-post","status-publish","format-standard","has-post-thumbnail","hentry","category-destacadas","category-merlo","category-municipales","category-sociedad"],"_links":{"self":[{"href":"https:\/\/sectorprensa.com.ar\/index.php?rest_route=\/wp\/v2\/posts\/72918","targetHints":{"allow":["GET"]}}],"collection":[{"href":"https:\/\/sectorprensa.com.ar\/index.php?rest_route=\/wp\/v2\/posts"}],"about":[{"href":"https:\/\/sectorprensa.com.ar\/index.php?rest_route=\/wp\/v2\/types\/post"}],"author":[{"embeddable":true,"href":"https:\/\/sectorprensa.com.ar\/index.php?rest_route=\/wp\/v2\/users\/6"}],"replies":[{"embeddable":true,"href":"https:\/\/sectorprensa.com.ar\/index.php?rest_route=%2Fwp%2Fv2%2Fcomments&post=72918"}],"version-history":[{"count":2,"href":"https:\/\/sectorprensa.com.ar\/index.php?rest_route=\/wp\/v2\/posts\/72918\/revisions"}],"predecessor-version":[{"id":72923,"href":"https:\/\/sectorprensa.com.ar\/index.php?rest_route=\/wp\/v2\/posts\/72918\/revisions\/72923"}],"wp:featuredmedia":[{"embeddable":true,"href":"https:\/\/sectorprensa.com.ar\/index.php?rest_route=\/wp\/v2\/media\/72919"}],"wp:attachment":[{"href":"https:\/\/sectorprensa.com.ar\/index.php?rest_route=%2Fwp%2Fv2%2Fmedia&parent=72918"}],"wp:term":[{"taxonomy":"category","embeddable":true,"href":"https:\/\/sectorprensa.com.ar\/index.php?rest_route=%2Fwp%2Fv2%2Fcategories&post=72918"},{"taxonomy":"post_tag","embeddable":true,"href":"https:\/\/sectorprensa.com.ar\/index.php?rest_route=%2Fwp%2Fv2%2Ftags&post=72918"}],"curies":[{"name":"wp","href":"https:\/\/api.w.org\/{rel}","templated":true}]}}