{"id":72921,"date":"2025-05-30T15:15:20","date_gmt":"2025-05-30T18:15:20","guid":{"rendered":"https:\/\/sectorprensa.com.ar\/?p=72921"},"modified":"2025-05-30T15:16:08","modified_gmt":"2025-05-30T18:16:08","slug":"merlo-estudiantes-de-la-uno-debatieron-sobre-justicia-y-democracia-junto-a-beraldi-y-penafort","status":"publish","type":"post","link":"https:\/\/sectorprensa.com.ar\/?p=72921","title":{"rendered":"Merlo: estudiantes de la UNO debatieron sobre justicia y democracia junto a Beraldi y Pe\u00f1afort"},"content":{"rendered":"\n<h6 class=\"wp-block-heading\"><strong>La Universidad Nacional del Oeste organiz\u00f3 un conversatorio sobre el uso pol\u00edtico del sistema judicial, con la participaci\u00f3n del intendente Gustavo Men\u00e9ndez y los abogados Carlos Beraldi y Graciana Pe\u00f1afort. Se abordaron temas clave del derecho constitucional y se promovi\u00f3 el pensamiento cr\u00edtico entre los estudiantes.<\/strong><\/h6>\n\n\n\n<p>Estudiantes de la Universidad Nacional del Oeste (UNO) participaron del conversatorio \u201cEstado de derecho en crisis: el uso pol\u00edtico del sistema judicial\u201d que organiz\u00f3 la instituci\u00f3n, con la presencia del Intendente de Merlo, Gustavo Men\u00e9ndez, y los abogados invitados Carlos Alberto Beraldi y Graciana Pe\u00f1afort.<\/p>\n\n\n\n<p>Durante la jornada se debatieron diversos temas de actualidad pol\u00edtica y de derecho constitucional. Adem\u00e1s, los estudiantes realizaron consultas y despejaron dudas sobre las tem\u00e1ticas presentadas.<\/p>\n\n\n\n<p>\u201cRecibimos a dos docentes important\u00edsimos y estamos muy contentos. De esta forma, ponemos en valor la tarea de los docentes, donde los acompa\u00f1an en el desarrollo del pensamiento cr\u00edtico, sobre todo en temas cruciales como la constituci\u00f3n de cualquier rep\u00fablica\u201d, expres\u00f3 el jefe comunal.<\/p>\n\n\n\n<p>Por su parte, el abogado penalista y docente de la UBA, Carlos Alberto Beraldi afirm\u00f3: \u201cEs una gran alegr\u00eda poder visitar una Universidad del conurbano, sabiendo la gran funci\u00f3n que cumplen, acercando la educaci\u00f3n a todos los sectores. Como docente de alma, me encanta poder venir y dar una charla, para explicar conceptos para la gente joven, as\u00ed pueden analizar la situaci\u00f3n del pa\u00eds desde una perspectiva t\u00e9cnica, adem\u00e1s de la pol\u00edtica\u201d.<\/p>\n\n\n\n<p>Por \u00faltimo, la abogada especialista en Derecho Constitucional y legisladora en CABA, Graciana Pe\u00f1afort destac\u00f3 que \u201ces muy importante que estudiar derecho no sea solo cursar, sino pensar los problemas que tiene esta rama y pensar sus soluciones. Muchos de los que est\u00e1n ac\u00e1 son estudiantes, pero ma\u00f1ana podr\u00e1n ser abogados, jueces o pol\u00edticos. Es importante pensar en conjunto las soluciones, es aprender a pensar\u201d.<\/p>\n\n\n\n<figure class=\"wp-block-embed is-type-wp-embed is-provider-sector-prensa wp-block-embed-sector-prensa\"><div class=\"wp-block-embed__wrapper\">\n<blockquote class=\"wp-embedded-content\" data-secret=\"ZIoLmsh3lP\"><a href=\"https:\/\/sectorprensa.com.ar\/?p=72856\">[Video] M\u00e1s familias de Merlo m\u00e1s cerca de tener su casa propia<\/a><\/blockquote><iframe loading=\"lazy\" class=\"wp-embedded-content\" sandbox=\"allow-scripts\" security=\"restricted\" style=\"position: absolute; clip: rect(1px, 1px, 1px, 1px);\" title=\"\u00ab[Video] M\u00e1s familias de Merlo m\u00e1s cerca de tener su casa propia\u00bb \u2014 Sector Prensa\" src=\"https:\/\/sectorprensa.com.ar\/?p=72856&#038;embed=true#?secret=Ygd4gPh27i#?secret=ZIoLmsh3lP\" data-secret=\"ZIoLmsh3lP\" width=\"600\" height=\"338\" frameborder=\"0\" marginwidth=\"0\" marginheight=\"0\" scrolling=\"no\"><\/iframe>\n<\/div><\/figure>\n","protected":false},"excerpt":{"rendered":"<p>La Universidad Nacional del Oeste organiz\u00f3 un conversatorio sobre el uso pol\u00edtico del sistema judicial, con la participaci\u00f3n del intendente<\/p>\n","protected":false},"author":6,"featured_media":72924,"comment_status":"closed","ping_status":"closed","sticky":false,"template":"","format":"standard","meta":{"colormag_page_container_layout":"default_layout","colormag_page_sidebar_layout":"default_layout","footnotes":""},"categories":[17,7,1173,8,10],"tags":[],"class_list":["post-72921","post","type-post","status-publish","format-standard","has-post-thumbnail","hentry","category-destacadas","category-merlo","category-municipales","category-politica","category-sociedad"],"_links":{"self":[{"href":"https:\/\/sectorprensa.com.ar\/index.php?rest_route=\/wp\/v2\/posts\/72921","targetHints":{"allow":["GET"]}}],"collection":[{"href":"https:\/\/sectorprensa.com.ar\/index.php?rest_route=\/wp\/v2\/posts"}],"about":[{"href":"https:\/\/sectorprensa.com.ar\/index.php?rest_route=\/wp\/v2\/types\/post"}],"author":[{"embeddable":true,"href":"https:\/\/sectorprensa.com.ar\/index.php?rest_route=\/wp\/v2\/users\/6"}],"replies":[{"embeddable":true,"href":"https:\/\/sectorprensa.com.ar\/index.php?rest_route=%2Fwp%2Fv2%2Fcomments&post=72921"}],"version-history":[{"count":1,"href":"https:\/\/sectorprensa.com.ar\/index.php?rest_route=\/wp\/v2\/posts\/72921\/revisions"}],"predecessor-version":[{"id":72922,"href":"https:\/\/sectorprensa.com.ar\/index.php?rest_route=\/wp\/v2\/posts\/72921\/revisions\/72922"}],"wp:featuredmedia":[{"embeddable":true,"href":"https:\/\/sectorprensa.com.ar\/index.php?rest_route=\/wp\/v2\/media\/72924"}],"wp:attachment":[{"href":"https:\/\/sectorprensa.com.ar\/index.php?rest_route=%2Fwp%2Fv2%2Fmedia&parent=72921"}],"wp:term":[{"taxonomy":"category","embeddable":true,"href":"https:\/\/sectorprensa.com.ar\/index.php?rest_route=%2Fwp%2Fv2%2Fcategories&post=72921"},{"taxonomy":"post_tag","embeddable":true,"href":"https:\/\/sectorprensa.com.ar\/index.php?rest_route=%2Fwp%2Fv2%2Ftags&post=72921"}],"curies":[{"name":"wp","href":"https:\/\/api.w.org\/{rel}","templated":true}]}}