{"id":72937,"date":"2025-06-02T10:56:05","date_gmt":"2025-06-02T13:56:05","guid":{"rendered":"https:\/\/sectorprensa.com.ar\/?p=72937"},"modified":"2025-06-02T10:56:07","modified_gmt":"2025-06-02T13:56:07","slug":"juan-zabaleta-con-el-planteo-que-sigue-haciendo-la-campora-hay-2027-para-milei","status":"publish","type":"post","link":"https:\/\/sectorprensa.com.ar\/?p=72937","title":{"rendered":"Juan Zabaleta: \u201cCon el planteo que sigue haciendo La C\u00e1mpora, hay 2027 para Milei\u201d"},"content":{"rendered":"\n<h6 class=\"wp-block-heading\"><strong>El exintendente de Hurlingham sostuvo que \u201cmuchas veces en nombre de la unidad nos callamos la boca, pero no hay que callarse m\u00e1s\u201d.<\/strong><\/h6>\n\n\n\n<p>El exministro de Desarrollo Social de la Naci\u00f3n, Juan Zabaleta, critic\u00f3 la interna peronista al dar cuenta que \u201cla gente no puede salir a la calle y la pol\u00edtica est\u00e1 en otra\u201d.<\/p>\n\n\n\n<p>En este sentido, sostuvo que \u201clos bonaerenses est\u00e1n atrapados en una din\u00e1mica muy tr\u00e1gica; no pueden salir a la calle, hay miedo al entrar a tu casa y los chorros haciendo desastre en cada barrio. Mientras la pol\u00edtica y el peronismo est\u00e1n discutiendo boludeces\u201d.<\/p>\n\n\n\n<p>\u201cEst\u00e1n discutiendo reelecciones indefinidas y despu\u00e9s nos sorprende el ausentismo. Hay discusiones que poco tienen que ver con la realidad. No creo ni quiero unidad porque ya se perdi\u00f3 una elecci\u00f3n y adem\u00e1s se gobern\u00f3 mal\u201d, remarc\u00f3 el exintendente de Hurlingham.<\/p>\n\n\n\n<p>En esta l\u00ednea, apunt\u00f3 contra M\u00e1ximo Kirchner y La C\u00e1mpora, ya que \u201cest\u00e1n poniendo palos en la rueda y con un sector cada vez m\u00e1s minoritario, pero los intendentes tienen que animarse a liderar y tener buenas gestiones en sus municipios\u201d.<\/p>\n\n\n\n<p>\u201cHay que tocar fondo y salir de vuelta proponiendo otra cosa porque se agot\u00f3 un proceso y una etapa electoral\u201d, insisti\u00f3 Zabaleta en torno al rol del peronismo.<\/p>\n\n\n\n<p>Tambi\u00e9n consider\u00f3 que fue una \u201cuna decisi\u00f3n correcta\u201d la del desdoblamiento de las elecciones bonaerenses, lo que permiti\u00f3 \u201cdiscutir por primera vez los temas de la provincia\u201d, dado que \u201csiempre escondimos los problemas de los bonaerenses bajo las internas pol\u00edticas y la agenda nacional\u201d.<\/p>\n\n\n\n<p>\u201cHay que dejar al gobernador hacer lo que tiene que hacer y no ponerle palos en la rueda. Esa agenda concentrada en la interna de cada espacio pol\u00edtico lo trajo a Javier Milei\u201d, expres\u00f3 en declaraciones a CNN Radio.<\/p>\n\n\n\n<p>De esta manera, dijo: \u201cUn d\u00eda la gente nos va a correr por la calle. Hoy no preguntan por las elecciones, y el peronismo discute reelecciones indefinidas para quedarse 40 a\u00f1os en el poder\u201d.<\/p>\n\n\n\n<p>\u201cLa Argentina que gobierna Milei tiene mucha responsabilidad con los problemas de la Provincia, el Gobierno nacional ha dejado de aportar\u201d, record\u00f3.<\/p>\n\n\n\n<p>De todas maneras, pidi\u00f3 \u201cque el gobernador no vuelva a repetir lo que hizo Alberto Fern\u00e1ndez. No hay que joder m\u00e1s con la gesti\u00f3n porque cuando ponen palos en la rueda joden al vecino\u201d.<\/p>\n\n\n\n<p>\u201cMuchas veces en nombre de la unidad nos callamos la boca, pero no hay que callarse m\u00e1s. No hay tiempo para que se hagan internas para ver qu\u00e9 puede pasar con el Justicialismo. No hay que poner m\u00e1s amigos en las listas. Con el planteo que sigue haciendo La C\u00e1mpora, hay 2027 para Milei, pero no los vamos a dejar\u201d, concluy\u00f3.<\/p>\n\n\n\n<figure class=\"wp-block-embed is-type-wp-embed is-provider-sector-prensa wp-block-embed-sector-prensa\"><div class=\"wp-block-embed__wrapper\">\n<blockquote class=\"wp-embedded-content\" data-secret=\"9ZystoPGkl\"><a href=\"https:\/\/sectorprensa.com.ar\/?p=72909\">Daniel Arroyo a Milei: \u201cHay que tener est\u00f3mago para vetar una ley por la discapacidad\u201d<\/a><\/blockquote><iframe loading=\"lazy\" class=\"wp-embedded-content\" sandbox=\"allow-scripts\" security=\"restricted\" style=\"position: absolute; clip: rect(1px, 1px, 1px, 1px);\" title=\"\u00abDaniel Arroyo a Milei: \u201cHay que tener est\u00f3mago para vetar una ley por la discapacidad\u201d\u00bb \u2014 Sector Prensa\" src=\"https:\/\/sectorprensa.com.ar\/?p=72909&#038;embed=true#?secret=5kaAn8KIen#?secret=9ZystoPGkl\" data-secret=\"9ZystoPGkl\" width=\"600\" height=\"338\" frameborder=\"0\" marginwidth=\"0\" marginheight=\"0\" scrolling=\"no\"><\/iframe>\n<\/div><\/figure>\n","protected":false},"excerpt":{"rendered":"<p>El exintendente de Hurlingham sostuvo que \u201cmuchas veces en nombre de la unidad nos callamos la boca, pero no hay<\/p>\n","protected":false},"author":6,"featured_media":55623,"comment_status":"closed","ping_status":"closed","sticky":false,"template":"","format":"standard","meta":{"colormag_page_container_layout":"default_layout","colormag_page_sidebar_layout":"default_layout","footnotes":""},"categories":[6,6828,8],"tags":[],"class_list":["post-72937","post","type-post","status-publish","format-standard","has-post-thumbnail","hentry","category-hurlingham","category-mas-destacadas","category-politica"],"_links":{"self":[{"href":"https:\/\/sectorprensa.com.ar\/index.php?rest_route=\/wp\/v2\/posts\/72937","targetHints":{"allow":["GET"]}}],"collection":[{"href":"https:\/\/sectorprensa.com.ar\/index.php?rest_route=\/wp\/v2\/posts"}],"about":[{"href":"https:\/\/sectorprensa.com.ar\/index.php?rest_route=\/wp\/v2\/types\/post"}],"author":[{"embeddable":true,"href":"https:\/\/sectorprensa.com.ar\/index.php?rest_route=\/wp\/v2\/users\/6"}],"replies":[{"embeddable":true,"href":"https:\/\/sectorprensa.com.ar\/index.php?rest_route=%2Fwp%2Fv2%2Fcomments&post=72937"}],"version-history":[{"count":1,"href":"https:\/\/sectorprensa.com.ar\/index.php?rest_route=\/wp\/v2\/posts\/72937\/revisions"}],"predecessor-version":[{"id":72939,"href":"https:\/\/sectorprensa.com.ar\/index.php?rest_route=\/wp\/v2\/posts\/72937\/revisions\/72939"}],"wp:featuredmedia":[{"embeddable":true,"href":"https:\/\/sectorprensa.com.ar\/index.php?rest_route=\/wp\/v2\/media\/55623"}],"wp:attachment":[{"href":"https:\/\/sectorprensa.com.ar\/index.php?rest_route=%2Fwp%2Fv2%2Fmedia&parent=72937"}],"wp:term":[{"taxonomy":"category","embeddable":true,"href":"https:\/\/sectorprensa.com.ar\/index.php?rest_route=%2Fwp%2Fv2%2Fcategories&post=72937"},{"taxonomy":"post_tag","embeddable":true,"href":"https:\/\/sectorprensa.com.ar\/index.php?rest_route=%2Fwp%2Fv2%2Ftags&post=72937"}],"curies":[{"name":"wp","href":"https:\/\/api.w.org\/{rel}","templated":true}]}}