{"id":72955,"date":"2025-06-02T10:53:00","date_gmt":"2025-06-02T13:53:00","guid":{"rendered":"https:\/\/sectorprensa.com.ar\/?p=72955"},"modified":"2025-06-02T10:53:04","modified_gmt":"2025-06-02T13:53:04","slug":"hallaron-el-cuerpo-del-hombre-que-se-arrojo-al-rio-reconquista-durante-el-temporal","status":"publish","type":"post","link":"https:\/\/sectorprensa.com.ar\/?p=72955","title":{"rendered":"Hallaron el cuerpo del hombre que se arroj\u00f3 al r\u00edo Reconquista durante el temporal"},"content":{"rendered":"\n<h6 class=\"wp-block-heading\"><strong>Cristian Alaniz, de 46 a\u00f1os, fue hallado sin vida en el r\u00edo Reconquista tras haber desaparecido el pasado 18 de mayo. Su cuerpo fue reconocido por su exmujer gracias a la ropa y un tatuaje.<\/strong><\/h6>\n\n\n\n<p>Este lunes fue encontrado el cuerpo de Cristian \u2018Rava\u2019 Alaniz, el hombre de 46 a\u00f1os que se arroj\u00f3 al r\u00edo Reconquista en medio del temporal ocurrido el 18 de mayo. El hallazgo se produjo en Merlo, en un tramo del curso de agua visible desde el Camino de la Rivera, entre las calles Antequera y Montalvo.<\/p>\n\n\n\n<p>El cad\u00e1ver fue identificado por su exmujer, quien reconoci\u00f3 las prendas que vest\u00eda y un tatuaje en el brazo. La investigaci\u00f3n qued\u00f3 a cargo de la Fiscal\u00eda N\u00ba 2 de Mor\u00f3n, bajo la car\u00e1tula de \u201caveriguaci\u00f3n de causales de muerte\u201d, aunque se descarta la participaci\u00f3n de terceros.<\/p>\n\n\n\n<p>Seg\u00fan testigos, Alaniz se encontraba consumiendo bebidas alcoh\u00f3licas y drogas con amigos cuando decidi\u00f3 lanzarse al agua.<\/p>\n\n\n\n<p>El cuerpo fue arrastrado varios kil\u00f3metros desde el punto donde se arroj\u00f3, a la altura de la calle Caaguaz\u00fa, en el barrio Cascallares de Moreno. Desde entonces, se despleg\u00f3 un operativo de b\u00fasqueda que finaliz\u00f3 con el hallazgo de sus restos.<\/p>\n\n\n\n<figure class=\"wp-block-embed is-type-wp-embed is-provider-sector-prensa wp-block-embed-sector-prensa\"><div class=\"wp-block-embed__wrapper\">\n<blockquote class=\"wp-embedded-content\" data-secret=\"5lGFnNpoBv\"><a href=\"https:\/\/sectorprensa.com.ar\/?p=72638\">Intensa b\u00fasqueda en Moreno de un hombre que se arroj\u00f3 al r\u00edo Reconquista durante el temporal<\/a><\/blockquote><iframe loading=\"lazy\" class=\"wp-embedded-content\" sandbox=\"allow-scripts\" security=\"restricted\" style=\"position: absolute; clip: rect(1px, 1px, 1px, 1px);\" title=\"\u00abIntensa b\u00fasqueda en Moreno de un hombre que se arroj\u00f3 al r\u00edo Reconquista durante el temporal\u00bb \u2014 Sector Prensa\" src=\"https:\/\/sectorprensa.com.ar\/?p=72638&#038;embed=true#?secret=IHSiYR0LVm#?secret=5lGFnNpoBv\" data-secret=\"5lGFnNpoBv\" width=\"600\" height=\"338\" frameborder=\"0\" marginwidth=\"0\" marginheight=\"0\" scrolling=\"no\"><\/iframe>\n<\/div><\/figure>\n","protected":false},"excerpt":{"rendered":"<p>Cristian Alaniz, de 46 a\u00f1os, fue hallado sin vida en el r\u00edo Reconquista tras haber desaparecido el pasado 18 de<\/p>\n","protected":false},"author":6,"featured_media":72956,"comment_status":"closed","ping_status":"closed","sticky":false,"template":"","format":"standard","meta":{"colormag_page_container_layout":"default_layout","colormag_page_sidebar_layout":"default_layout","footnotes":""},"categories":[17,7,2154,12],"tags":[],"class_list":["post-72955","post","type-post","status-publish","format-standard","has-post-thumbnail","hentry","category-destacadas","category-merlo","category-moreno","category-policiales"],"_links":{"self":[{"href":"https:\/\/sectorprensa.com.ar\/index.php?rest_route=\/wp\/v2\/posts\/72955","targetHints":{"allow":["GET"]}}],"collection":[{"href":"https:\/\/sectorprensa.com.ar\/index.php?rest_route=\/wp\/v2\/posts"}],"about":[{"href":"https:\/\/sectorprensa.com.ar\/index.php?rest_route=\/wp\/v2\/types\/post"}],"author":[{"embeddable":true,"href":"https:\/\/sectorprensa.com.ar\/index.php?rest_route=\/wp\/v2\/users\/6"}],"replies":[{"embeddable":true,"href":"https:\/\/sectorprensa.com.ar\/index.php?rest_route=%2Fwp%2Fv2%2Fcomments&post=72955"}],"version-history":[{"count":1,"href":"https:\/\/sectorprensa.com.ar\/index.php?rest_route=\/wp\/v2\/posts\/72955\/revisions"}],"predecessor-version":[{"id":72957,"href":"https:\/\/sectorprensa.com.ar\/index.php?rest_route=\/wp\/v2\/posts\/72955\/revisions\/72957"}],"wp:featuredmedia":[{"embeddable":true,"href":"https:\/\/sectorprensa.com.ar\/index.php?rest_route=\/wp\/v2\/media\/72956"}],"wp:attachment":[{"href":"https:\/\/sectorprensa.com.ar\/index.php?rest_route=%2Fwp%2Fv2%2Fmedia&parent=72955"}],"wp:term":[{"taxonomy":"category","embeddable":true,"href":"https:\/\/sectorprensa.com.ar\/index.php?rest_route=%2Fwp%2Fv2%2Fcategories&post=72955"},{"taxonomy":"post_tag","embeddable":true,"href":"https:\/\/sectorprensa.com.ar\/index.php?rest_route=%2Fwp%2Fv2%2Ftags&post=72955"}],"curies":[{"name":"wp","href":"https:\/\/api.w.org\/{rel}","templated":true}]}}