{"id":73007,"date":"2025-06-03T17:01:40","date_gmt":"2025-06-03T20:01:40","guid":{"rendered":"https:\/\/sectorprensa.com.ar\/?p=73007"},"modified":"2025-06-03T17:01:41","modified_gmt":"2025-06-03T20:01:41","slug":"moron-comenzo-la-cuarta-edicion-del-programa-municipal-sexto-al-mar","status":"publish","type":"post","link":"https:\/\/sectorprensa.com.ar\/?p=73007","title":{"rendered":"Mor\u00f3n: comenz\u00f3 la cuarta edici\u00f3n del programa municipal \u201cSexto al Mar\u201d"},"content":{"rendered":"\n<h6 class=\"wp-block-heading\"><strong>Estudiantes de \u00faltimo a\u00f1o de primaria viajaron hacia Mar del Plata desde la terminal de Mor\u00f3n. Se trata del primer contingente del a\u00f1o en participar de esta propuesta socioeducativa.<\/strong><\/h6>\n\n\n\n<p>\u201cSexto al Mar\u201d es una iniciativa del Municipio de Mor\u00f3n que garantiza el derecho al disfrute y al acceso a nuevas experiencias para estudiantes que finalizan la escuela primaria. El intendente Lucas Ghi estuvo presente en la despedida del primer contingente del a\u00f1o que viaj\u00f3 rumbo a Mar del Plata.<\/p>\n\n\n\n<p>En esta primera salida participaron alumnos y alumnas de las Escuelas de Educaci\u00f3n Primaria N.\u00ba 47, N.\u00ba 40 y N.\u00ba 29, quienes disfrutaron durante cuatro d\u00edas de un cronograma completo de actividades que incluye excursiones, capacitaciones, visitas guiadas a los principales puntos tur\u00edsticos y pensi\u00f3n completa.<\/p>\n\n\n\n<p>El grupo se aloj\u00f3 en la Colonia Municipal \u201cC\u00e9sar Albistur Villegas\u201d, un espacio pensado para promover el aprendizaje, la convivencia y el juego, con todos los servicios incluidos.<\/p>\n\n\n\n<p>\u201cEl programa, financiado \u00edntegramente por el Municipio, ya se consolid\u00f3 como una pol\u00edtica p\u00fablica que ampl\u00eda derechos y construye igualdad de oportunidades. Para este a\u00f1o, se proyecta la participaci\u00f3n de m\u00e1s de 800 estudiantes de sexto grado de escuelas primarias p\u00fablicas del distrito\u201d, remarcaron.<\/p>\n\n\n\n<figure class=\"wp-block-embed is-type-wp-embed is-provider-sector-prensa wp-block-embed-sector-prensa\"><div class=\"wp-block-embed__wrapper\">\n<blockquote class=\"wp-embedded-content\" data-secret=\"Ltdn4YeJOu\"><a href=\"https:\/\/sectorprensa.com.ar\/?p=72914\">Mor\u00f3n pone en marcha un nuevo Operativo Abrigar para asistir a personas en situaci\u00f3n de calle<\/a><\/blockquote><iframe loading=\"lazy\" class=\"wp-embedded-content\" sandbox=\"allow-scripts\" security=\"restricted\" style=\"position: absolute; clip: rect(1px, 1px, 1px, 1px);\" title=\"\u00abMor\u00f3n pone en marcha un nuevo Operativo Abrigar para asistir a personas en situaci\u00f3n de calle\u00bb \u2014 Sector Prensa\" src=\"https:\/\/sectorprensa.com.ar\/?p=72914&#038;embed=true#?secret=daQcsyUuNw#?secret=Ltdn4YeJOu\" data-secret=\"Ltdn4YeJOu\" width=\"600\" height=\"338\" frameborder=\"0\" marginwidth=\"0\" marginheight=\"0\" scrolling=\"no\"><\/iframe>\n<\/div><\/figure>\n","protected":false},"excerpt":{"rendered":"<p>Estudiantes de \u00faltimo a\u00f1o de primaria viajaron hacia Mar del Plata desde la terminal de Mor\u00f3n. Se trata del primer<\/p>\n","protected":false},"author":6,"featured_media":73008,"comment_status":"closed","ping_status":"closed","sticky":false,"template":"","format":"standard","meta":{"colormag_page_container_layout":"default_layout","colormag_page_sidebar_layout":"default_layout","footnotes":""},"categories":[17,5,1173,10],"tags":[],"class_list":["post-73007","post","type-post","status-publish","format-standard","has-post-thumbnail","hentry","category-destacadas","category-moron","category-municipales","category-sociedad"],"_links":{"self":[{"href":"https:\/\/sectorprensa.com.ar\/index.php?rest_route=\/wp\/v2\/posts\/73007","targetHints":{"allow":["GET"]}}],"collection":[{"href":"https:\/\/sectorprensa.com.ar\/index.php?rest_route=\/wp\/v2\/posts"}],"about":[{"href":"https:\/\/sectorprensa.com.ar\/index.php?rest_route=\/wp\/v2\/types\/post"}],"author":[{"embeddable":true,"href":"https:\/\/sectorprensa.com.ar\/index.php?rest_route=\/wp\/v2\/users\/6"}],"replies":[{"embeddable":true,"href":"https:\/\/sectorprensa.com.ar\/index.php?rest_route=%2Fwp%2Fv2%2Fcomments&post=73007"}],"version-history":[{"count":1,"href":"https:\/\/sectorprensa.com.ar\/index.php?rest_route=\/wp\/v2\/posts\/73007\/revisions"}],"predecessor-version":[{"id":73009,"href":"https:\/\/sectorprensa.com.ar\/index.php?rest_route=\/wp\/v2\/posts\/73007\/revisions\/73009"}],"wp:featuredmedia":[{"embeddable":true,"href":"https:\/\/sectorprensa.com.ar\/index.php?rest_route=\/wp\/v2\/media\/73008"}],"wp:attachment":[{"href":"https:\/\/sectorprensa.com.ar\/index.php?rest_route=%2Fwp%2Fv2%2Fmedia&parent=73007"}],"wp:term":[{"taxonomy":"category","embeddable":true,"href":"https:\/\/sectorprensa.com.ar\/index.php?rest_route=%2Fwp%2Fv2%2Fcategories&post=73007"},{"taxonomy":"post_tag","embeddable":true,"href":"https:\/\/sectorprensa.com.ar\/index.php?rest_route=%2Fwp%2Fv2%2Ftags&post=73007"}],"curies":[{"name":"wp","href":"https:\/\/api.w.org\/{rel}","templated":true}]}}