{"id":73010,"date":"2025-06-03T17:08:18","date_gmt":"2025-06-03T20:08:18","guid":{"rendered":"https:\/\/sectorprensa.com.ar\/?p=73010"},"modified":"2025-06-03T17:08:18","modified_gmt":"2025-06-03T20:08:18","slug":"tragedia-en-el-tren-sarmiento-una-mujer-murio-tras-arrojarse-a-las-vias-en-moron","status":"publish","type":"post","link":"https:\/\/sectorprensa.com.ar\/?p=73010","title":{"rendered":"Tragedia en el Tren Sarmiento: una mujer muri\u00f3 tras arrojarse a las v\u00edas en Mor\u00f3n"},"content":{"rendered":"\n<h6 class=\"wp-block-heading\"><strong>Una mujer de 66 a\u00f1os se acost\u00f3 sobre las v\u00edas del tren en el paso a nivel de la calle San Mart\u00edn y falleci\u00f3 al ser embestida por una formaci\u00f3n. El servicio ferroviario estuvo interrumpido durante horas.<\/strong><\/h6>\n\n\n\n<p>Un hecho tr\u00e1gico conmocion\u00f3 este martes al mediod\u00eda a los usuarios del Tren Sarmiento, cuando una mujer se recost\u00f3 sobre las v\u00edas y fue embestida por una formaci\u00f3n en la estaci\u00f3n de Mor\u00f3n. El episodio oblig\u00f3 a interrumpir el servicio por varias horas, generando demoras y cancelaciones.<\/p>\n\n\n\n<p>El hecho ocurri\u00f3 en el paso a nivel de la calle San Mart\u00edn. Seg\u00fan testigos, el banderillero de la estaci\u00f3n intent\u00f3 hablar con la mujer para que desistiera de su decisi\u00f3n, pero no logr\u00f3 evitar la tragedia.<\/p>\n\n\n\n<p>La v\u00edctima fue identificada como una mujer de 66 a\u00f1os. Tras el incidente, se iniciaron actuaciones judiciales a cargo del Juzgado Federal N\u00ba 2 de Mor\u00f3n, bajo la direcci\u00f3n del juez Jorge Rodr\u00edguez.<\/p>\n\n\n\n<p>El tr\u00e1gico suceso caus\u00f3 conmoci\u00f3n entre los presentes y dej\u00f3 paralizado el funcionamiento de la l\u00ednea por un extenso per\u00edodo de tiempo, afectando a miles de usuarios que utilizan el servicio a diario.<\/p>\n\n\n\n<p>Ante situaciones dif\u00edciles o de angustia, se recuerda que la l\u00ednea 135 brinda asistencia gratuita, an\u00f3nima y disponible las 24 horas para toda la poblaci\u00f3n.<\/p>\n\n\n\n<figure class=\"wp-block-embed is-type-wp-embed is-provider-sector-prensa wp-block-embed-sector-prensa\"><div class=\"wp-block-embed__wrapper\">\n<blockquote class=\"wp-embedded-content\" data-secret=\"nrZRkeBmDm\"><a href=\"https:\/\/sectorprensa.com.ar\/?p=72955\">Hallaron el cuerpo del hombre que se arroj\u00f3 al r\u00edo Reconquista durante el temporal<\/a><\/blockquote><iframe loading=\"lazy\" class=\"wp-embedded-content\" sandbox=\"allow-scripts\" security=\"restricted\" style=\"position: absolute; clip: rect(1px, 1px, 1px, 1px);\" title=\"\u00abHallaron el cuerpo del hombre que se arroj\u00f3 al r\u00edo Reconquista durante el temporal\u00bb \u2014 Sector Prensa\" src=\"https:\/\/sectorprensa.com.ar\/?p=72955&#038;embed=true#?secret=9NUg6uQG00#?secret=nrZRkeBmDm\" data-secret=\"nrZRkeBmDm\" width=\"600\" height=\"338\" frameborder=\"0\" marginwidth=\"0\" marginheight=\"0\" scrolling=\"no\"><\/iframe>\n<\/div><\/figure>\n","protected":false},"excerpt":{"rendered":"<p>Una mujer de 66 a\u00f1os se acost\u00f3 sobre las v\u00edas del tren en el paso a nivel de la calle<\/p>\n","protected":false},"author":6,"featured_media":73011,"comment_status":"closed","ping_status":"closed","sticky":false,"template":"","format":"standard","meta":{"colormag_page_container_layout":"default_layout","colormag_page_sidebar_layout":"default_layout","footnotes":""},"categories":[17,5,12],"tags":[],"class_list":["post-73010","post","type-post","status-publish","format-standard","has-post-thumbnail","hentry","category-destacadas","category-moron","category-policiales"],"_links":{"self":[{"href":"https:\/\/sectorprensa.com.ar\/index.php?rest_route=\/wp\/v2\/posts\/73010","targetHints":{"allow":["GET"]}}],"collection":[{"href":"https:\/\/sectorprensa.com.ar\/index.php?rest_route=\/wp\/v2\/posts"}],"about":[{"href":"https:\/\/sectorprensa.com.ar\/index.php?rest_route=\/wp\/v2\/types\/post"}],"author":[{"embeddable":true,"href":"https:\/\/sectorprensa.com.ar\/index.php?rest_route=\/wp\/v2\/users\/6"}],"replies":[{"embeddable":true,"href":"https:\/\/sectorprensa.com.ar\/index.php?rest_route=%2Fwp%2Fv2%2Fcomments&post=73010"}],"version-history":[{"count":1,"href":"https:\/\/sectorprensa.com.ar\/index.php?rest_route=\/wp\/v2\/posts\/73010\/revisions"}],"predecessor-version":[{"id":73012,"href":"https:\/\/sectorprensa.com.ar\/index.php?rest_route=\/wp\/v2\/posts\/73010\/revisions\/73012"}],"wp:featuredmedia":[{"embeddable":true,"href":"https:\/\/sectorprensa.com.ar\/index.php?rest_route=\/wp\/v2\/media\/73011"}],"wp:attachment":[{"href":"https:\/\/sectorprensa.com.ar\/index.php?rest_route=%2Fwp%2Fv2%2Fmedia&parent=73010"}],"wp:term":[{"taxonomy":"category","embeddable":true,"href":"https:\/\/sectorprensa.com.ar\/index.php?rest_route=%2Fwp%2Fv2%2Fcategories&post=73010"},{"taxonomy":"post_tag","embeddable":true,"href":"https:\/\/sectorprensa.com.ar\/index.php?rest_route=%2Fwp%2Fv2%2Ftags&post=73010"}],"curies":[{"name":"wp","href":"https:\/\/api.w.org\/{rel}","templated":true}]}}