{"id":73020,"date":"2025-06-04T09:52:52","date_gmt":"2025-06-04T12:52:52","guid":{"rendered":"https:\/\/sectorprensa.com.ar\/?p=73020"},"modified":"2025-06-04T09:52:53","modified_gmt":"2025-06-04T12:52:53","slug":"el-incremento-salarial-es-solamente-para-los-residentes","status":"publish","type":"post","link":"https:\/\/sectorprensa.com.ar\/?p=73020","title":{"rendered":"\u201cEl incremento salarial es solamente para los residentes\u201d"},"content":{"rendered":"\n<h6 class=\"wp-block-heading\"><strong>Sandra Ruiz, enfermera asistencial del Hospital Garrahan, advirti\u00f3 que la situaci\u00f3n salarial de los trabajadores no se ha normalizado y podr\u00eda haber un paro de 24 o 48 horas.<\/strong><\/h6>\n\n\n\n<p>Este fin de semana se hab\u00eda emitido un comunicado desde el centro pedi\u00e1trico del Garrahan, donde se anunciaba que el gobierno incrementar\u00eda el salario de los trabajadores. Pero esto fue desmentido por los residentes. Este lunes, se realiz\u00f3 una marcha de velas a la que se uni\u00f3 la poblaci\u00f3n para demostrar su apoyo a los profesionales del establecimiento.<\/p>\n\n\n\n<p>La situaci\u00f3n a\u00fan es tensa y Sandra Ruiz, enfermera asistencial, detall\u00f3 que la mejora del sueldo ser\u00eda solamente para los residentes. Adem\u00e1s, advirti\u00f3 que podr\u00eda haber un paro de 24 o 48 horas.<\/p>\n\n\n\n<p>\u201cPor lo que tenemos entendido, el incremento salarial, que es la cifra no remunerativa de 300 mil pesos, es solamente para los residentes, y queda todo el resto del personal de planta sin cobrar. Este conflicto viene desde hace muchos a\u00f1os, porque nosotros siempre luchamos por nuestros salarios que vienen atrasados hace a\u00f1os. El conflicto hace punta con el paro de los residentes, pero en realidad todos los trabajadores del hospital estamos ganando muy poco. Tuvimos aumento del 1,2%, eso no cubre pr\u00e1cticamente nada si lo comprar\u00e1s con la inflaci\u00f3n\u201d, explic\u00f3 en Radio B\u00fanker 94.9, en el programa \u201cEl Tanke de B\u00fanker\u201d.<\/p>\n\n\n\n<p>El motivo por el que la gente sali\u00f3 en defensa del Garrahan: \u201cEs un hospital de referencia, de alta complejidad, que tiene las puertas abiertas para los chicos de CABA, Conurbano bonaerense, incluso pa\u00edses lim\u00edtrofes. Esta vez tocaron una parte muy sensible que son los chicos enfermos\u201d, dijo Ruiz.<\/p>\n\n\n\n<p>\u201cNuestro lema es que ning\u00fan trabajador del hospital ganen por debajo de la canasta familiar. Porque no solamente los residentes cobran 790 mil pesos, sino que tambi\u00e9n tenemos compa\u00f1eros que denominamos de baja categor\u00eda, como puede ser un ayudante de servicio, que est\u00e1n en concordancia con ese sueldo\u201d, indic\u00f3 sobre el pedido de los profesionales.<\/p>\n\n\n\n<p>La continuidad del plan de lucha: \u201cEl lunes, el grupo de enfermeros hicimos asambleas por turnos. Votamos acatar la decisi\u00f3n de la asamblea general convocada por ATE y la Asociaci\u00f3n de Profesionales, donde se va a decidir si vamos a un paro de 24 o 48 horas. En este hospital no sobra nadie\u201d, detall\u00f3.<\/p>\n\n\n\n<figure class=\"wp-block-embed is-type-wp-embed is-provider-sector-prensa wp-block-embed-sector-prensa\"><div class=\"wp-block-embed__wrapper\">\n<blockquote class=\"wp-embedded-content\" data-secret=\"2TmT9myX0Y\"><a href=\"https:\/\/sectorprensa.com.ar\/?p=72976\">Los residentes del Garrahan informaron que no recibieron una mejora salarial<\/a><\/blockquote><iframe loading=\"lazy\" class=\"wp-embedded-content\" sandbox=\"allow-scripts\" security=\"restricted\" style=\"position: absolute; clip: rect(1px, 1px, 1px, 1px);\" title=\"\u00abLos residentes del Garrahan informaron que no recibieron una mejora salarial\u00bb \u2014 Sector Prensa\" src=\"https:\/\/sectorprensa.com.ar\/?p=72976&#038;embed=true#?secret=rew1HUtfqv#?secret=2TmT9myX0Y\" data-secret=\"2TmT9myX0Y\" width=\"600\" height=\"338\" frameborder=\"0\" marginwidth=\"0\" marginheight=\"0\" scrolling=\"no\"><\/iframe>\n<\/div><\/figure>\n","protected":false},"excerpt":{"rendered":"<p>Sandra Ruiz, enfermera asistencial del Hospital Garrahan, advirti\u00f3 que la situaci\u00f3n salarial de los trabajadores no se ha normalizado y<\/p>\n","protected":false},"author":6,"featured_media":73021,"comment_status":"closed","ping_status":"closed","sticky":false,"template":"","format":"standard","meta":{"colormag_page_container_layout":"default_layout","colormag_page_sidebar_layout":"default_layout","footnotes":""},"categories":[6828,8],"tags":[],"class_list":["post-73020","post","type-post","status-publish","format-standard","has-post-thumbnail","hentry","category-mas-destacadas","category-politica"],"_links":{"self":[{"href":"https:\/\/sectorprensa.com.ar\/index.php?rest_route=\/wp\/v2\/posts\/73020","targetHints":{"allow":["GET"]}}],"collection":[{"href":"https:\/\/sectorprensa.com.ar\/index.php?rest_route=\/wp\/v2\/posts"}],"about":[{"href":"https:\/\/sectorprensa.com.ar\/index.php?rest_route=\/wp\/v2\/types\/post"}],"author":[{"embeddable":true,"href":"https:\/\/sectorprensa.com.ar\/index.php?rest_route=\/wp\/v2\/users\/6"}],"replies":[{"embeddable":true,"href":"https:\/\/sectorprensa.com.ar\/index.php?rest_route=%2Fwp%2Fv2%2Fcomments&post=73020"}],"version-history":[{"count":1,"href":"https:\/\/sectorprensa.com.ar\/index.php?rest_route=\/wp\/v2\/posts\/73020\/revisions"}],"predecessor-version":[{"id":73022,"href":"https:\/\/sectorprensa.com.ar\/index.php?rest_route=\/wp\/v2\/posts\/73020\/revisions\/73022"}],"wp:featuredmedia":[{"embeddable":true,"href":"https:\/\/sectorprensa.com.ar\/index.php?rest_route=\/wp\/v2\/media\/73021"}],"wp:attachment":[{"href":"https:\/\/sectorprensa.com.ar\/index.php?rest_route=%2Fwp%2Fv2%2Fmedia&parent=73020"}],"wp:term":[{"taxonomy":"category","embeddable":true,"href":"https:\/\/sectorprensa.com.ar\/index.php?rest_route=%2Fwp%2Fv2%2Fcategories&post=73020"},{"taxonomy":"post_tag","embeddable":true,"href":"https:\/\/sectorprensa.com.ar\/index.php?rest_route=%2Fwp%2Fv2%2Ftags&post=73020"}],"curies":[{"name":"wp","href":"https:\/\/api.w.org\/{rel}","templated":true}]}}