{"id":73027,"date":"2025-06-04T10:19:49","date_gmt":"2025-06-04T13:19:49","guid":{"rendered":"https:\/\/sectorprensa.com.ar\/?p=73027"},"modified":"2025-06-04T10:19:50","modified_gmt":"2025-06-04T13:19:50","slug":"otra-tragedia-en-el-tren-sarmiento-un-joven-murio-arrollado-en-moron","status":"publish","type":"post","link":"https:\/\/sectorprensa.com.ar\/?p=73027","title":{"rendered":"Otra tragedia en el tren Sarmiento: un joven muri\u00f3 arrollado en Mor\u00f3n"},"content":{"rendered":"\n<h6 class=\"wp-block-heading\"><strong>El accidente ocurri\u00f3 en el paso a nivel de la calle 9 de Julio. La v\u00edctima, que ten\u00eda alrededor de 25 a\u00f1os, cruzaba con auriculares y no advirti\u00f3 la llegada de una formaci\u00f3n.<\/strong><\/h6>\n\n\n\n<p>Un tr\u00e1gico accidente ocurri\u00f3 anoche en la localidad de Mor\u00f3n, donde un joven muri\u00f3 tras ser atropellado por una formaci\u00f3n del tren Sarmiento. El hecho tuvo lugar en el paso a nivel peatonal de la calle 9 de Julio, cuando el muchacho intent\u00f3 cruzar las v\u00edas sin advertir la llegada del tren.<\/p>\n\n\n\n<p>Seg\u00fan los primeros datos de la investigaci\u00f3n, el joven, de alrededor de 25 a\u00f1os, llevaba auriculares puestos y no habr\u00eda escuchado la proximidad de la formaci\u00f3n. En el and\u00e9n se encontraba detenido un tren en sentido a Capital Federal, y al intentar cruzar, fue sorprendido por otro que ven\u00eda en sentido contrario. No logr\u00f3 retroceder a tiempo y falleci\u00f3 en el acto.<\/p>\n\n\n\n<p>El servicio ferroviario estuvo interrumpido durante una hora y luego funcion\u00f3 de manera limitada entre las estaciones Castelar y Moreno. Trabajaron en el lugar personal del SAME Mor\u00f3n, Bomberos y la Polic\u00eda, quienes retiraron el cuerpo.<\/p>\n\n\n\n<p>La causa es investigada por el Juzgado Federal N\u00ba 2 de Mor\u00f3n, a cargo del juez Jorge Rodr\u00edguez, con intervenci\u00f3n de la Secretar\u00eda N\u00ba 5, dirigida por Lorena Reynoso. La identidad del joven a\u00fan no fue establecida.<\/p>\n\n\n\n<figure class=\"wp-block-embed is-type-wp-embed is-provider-sector-prensa wp-block-embed-sector-prensa\"><div class=\"wp-block-embed__wrapper\">\n<blockquote class=\"wp-embedded-content\" data-secret=\"oMou3pI2Dj\"><a href=\"https:\/\/sectorprensa.com.ar\/?p=73010\">Tragedia en el Tren Sarmiento: una mujer muri\u00f3 tras arrojarse a las v\u00edas en Mor\u00f3n<\/a><\/blockquote><iframe loading=\"lazy\" class=\"wp-embedded-content\" sandbox=\"allow-scripts\" security=\"restricted\" style=\"position: absolute; clip: rect(1px, 1px, 1px, 1px);\" title=\"\u00abTragedia en el Tren Sarmiento: una mujer muri\u00f3 tras arrojarse a las v\u00edas en Mor\u00f3n\u00bb \u2014 Sector Prensa\" src=\"https:\/\/sectorprensa.com.ar\/?p=73010&#038;embed=true#?secret=kxkahOuboZ#?secret=oMou3pI2Dj\" data-secret=\"oMou3pI2Dj\" width=\"600\" height=\"338\" frameborder=\"0\" marginwidth=\"0\" marginheight=\"0\" scrolling=\"no\"><\/iframe>\n<\/div><\/figure>\n","protected":false},"excerpt":{"rendered":"<p>El accidente ocurri\u00f3 en el paso a nivel de la calle 9 de Julio. La v\u00edctima, que ten\u00eda alrededor de<\/p>\n","protected":false},"author":6,"featured_media":73028,"comment_status":"closed","ping_status":"closed","sticky":false,"template":"","format":"standard","meta":{"colormag_page_container_layout":"default_layout","colormag_page_sidebar_layout":"default_layout","footnotes":""},"categories":[17,5,12],"tags":[],"class_list":["post-73027","post","type-post","status-publish","format-standard","has-post-thumbnail","hentry","category-destacadas","category-moron","category-policiales"],"_links":{"self":[{"href":"https:\/\/sectorprensa.com.ar\/index.php?rest_route=\/wp\/v2\/posts\/73027","targetHints":{"allow":["GET"]}}],"collection":[{"href":"https:\/\/sectorprensa.com.ar\/index.php?rest_route=\/wp\/v2\/posts"}],"about":[{"href":"https:\/\/sectorprensa.com.ar\/index.php?rest_route=\/wp\/v2\/types\/post"}],"author":[{"embeddable":true,"href":"https:\/\/sectorprensa.com.ar\/index.php?rest_route=\/wp\/v2\/users\/6"}],"replies":[{"embeddable":true,"href":"https:\/\/sectorprensa.com.ar\/index.php?rest_route=%2Fwp%2Fv2%2Fcomments&post=73027"}],"version-history":[{"count":1,"href":"https:\/\/sectorprensa.com.ar\/index.php?rest_route=\/wp\/v2\/posts\/73027\/revisions"}],"predecessor-version":[{"id":73029,"href":"https:\/\/sectorprensa.com.ar\/index.php?rest_route=\/wp\/v2\/posts\/73027\/revisions\/73029"}],"wp:featuredmedia":[{"embeddable":true,"href":"https:\/\/sectorprensa.com.ar\/index.php?rest_route=\/wp\/v2\/media\/73028"}],"wp:attachment":[{"href":"https:\/\/sectorprensa.com.ar\/index.php?rest_route=%2Fwp%2Fv2%2Fmedia&parent=73027"}],"wp:term":[{"taxonomy":"category","embeddable":true,"href":"https:\/\/sectorprensa.com.ar\/index.php?rest_route=%2Fwp%2Fv2%2Fcategories&post=73027"},{"taxonomy":"post_tag","embeddable":true,"href":"https:\/\/sectorprensa.com.ar\/index.php?rest_route=%2Fwp%2Fv2%2Ftags&post=73027"}],"curies":[{"name":"wp","href":"https:\/\/api.w.org\/{rel}","templated":true}]}}