{"id":73030,"date":"2025-06-05T09:31:08","date_gmt":"2025-06-05T12:31:08","guid":{"rendered":"https:\/\/sectorprensa.com.ar\/?p=73030"},"modified":"2025-06-05T09:31:09","modified_gmt":"2025-06-05T12:31:09","slug":"moron-celebro-el-dia-nacional-del-bombero-y-la-bombera-voluntaria-es-una-tarea-insustituible","status":"publish","type":"post","link":"https:\/\/sectorprensa.com.ar\/?p=73030","title":{"rendered":"Mor\u00f3n celebr\u00f3 el D\u00eda Nacional del Bombero y la Bombera Voluntaria: \u201cEs una tarea insustituible\u201d"},"content":{"rendered":"\n<h6 class=\"wp-block-heading\"><strong>En la Plaza de la Cultura, el intendente Lucas Ghi encabez\u00f3 el acto que rindi\u00f3 homenaje a quienes, con valent\u00eda y compromiso, entregan su tiempo y su vida para proteger a la comunidad.<\/strong><\/h6>\n\n\n\n<p>En el marco del 2 de junio, D\u00eda Nacional del Bombero y la Bombera Voluntaria, se llev\u00f3 adelante un emotivo acto en la Plaza de la Cultura de Mor\u00f3n, donde la comunidad se reuni\u00f3 para reconocer la labor incansable de quienes integran los cuerpos de bomberos voluntarios del distrito.<\/p>\n\n\n\n<p>El encuentro cont\u00f3 con la presencia del intendente Lucas Ghi, autoridades locales, representantes del cuerpo de Bomberos Voluntarios, vecinos y vecinas, quienes homenajearon y destacaron el rol fundamental que cumplen los y las bomberas voluntarias como referentes del cuidado colectivo y la solidaridad comunitaria.<\/p>\n\n\n\n<p>El jefe comunal expres\u00f3: \u201cVaya para cada uno de nuestros bomberos y bomberas el m\u00e1s sentido reconocimiento por la noble e imprescindible tarea que desarrollan. Es una tarea insustituible, para la que sabemos que se forman, se entrenan permanentemente desde un lugar de mucha profesionalidad, de un sentido vocacional muy profundo y con un esp\u00edritu de cuerpo que es admirable\u201d. Y agreg\u00f3: \u201cNo hay posibilidad de pensar el desarrollo de la ciudad, de las actividades econ\u00f3micas, culturales y sociales que se realizan a diario, si no fuese a partir de la premisa siempre presente de sabernos custodiados y cuidados por todos los dispositivos de emergencia, de Defensa Civil, por el SAME y, obviamente, por los bomberos voluntarios\u201d.<\/p>\n\n\n\n<p>Durante la jornada, se present\u00f3 la artista local Juliana Gonz\u00e1lez Barone, quien musicaliz\u00f3 el evento. Adem\u00e1s, alumnos y alumnas del Ballet Folcl\u00f3rico de Adultos de la Escuela Municipal de Danzas Jos\u00e9 Neglia realizaron una intervenci\u00f3n art\u00edstica de baile.<\/p>\n\n\n\n<figure class=\"wp-block-embed is-type-rich is-provider-twitter wp-block-embed-twitter\"><div class=\"wp-block-embed__wrapper\">\n<blockquote class=\"twitter-tweet\" data-width=\"550\" data-dnt=\"true\"><p lang=\"es\" dir=\"ltr\">\ud83c\udfa8 Durante la jornada, se descubri\u00f3 un mural homenaje a los bomberos voluntarios realizado por el equipo de Arte P\u00fablico de Villa Mecenas.<\/p>&mdash; Municipio de Mor\u00f3n (@munimoron) <a href=\"https:\/\/twitter.com\/munimoron\/status\/1929916123639648355?ref_src=twsrc%5Etfw\">June 3, 2025<\/a><\/blockquote><script async src=\"https:\/\/platform.twitter.com\/widgets.js\" charset=\"utf-8\"><\/script>\n<\/div><\/figure>\n\n\n\n<p>Tambi\u00e9n se descubri\u00f3 un mural en homenaje a los bomberos voluntarios, realizado por el equipo de Arte P\u00fablico de Villa Mecenas \u2014el espacio visual de la Subsecretar\u00eda de Pol\u00edticas Culturales\u2014 con t\u00e9cnicas de pintura tradicional y mosaico irregular.<\/p>\n\n\n\n<p>Del acto participaron el presidente del HCD Mor\u00f3n, Marcelo Gonz\u00e1lez; el segundo jefe de Bomberos, Mauro Silverver; la inspectora jefa distrital, Natalia D\u00edaz; el presidente del Centro de Veteranos de Guerra de Mor\u00f3n, Reynaldo Arce; el vicepresidente de Unidos por Malvinas de El Palomar, Oscar Yachinto; miembros del Gabinete Municipal; concejales y concejalas; consejeros y consejeras escolares; fuerzas de seguridad; colegios de profesionales; representantes de la Defensor\u00eda del Pueblo; la Asociaci\u00f3n Cultural Sanmartiniana de Mor\u00f3n; la Asociaci\u00f3n Belgraniana de Mor\u00f3n; instituciones educativas, culturales, intermedias y deportivas; centros de jubilados; emprendedores y emprendedoras del partido, y vecinos y vecinas.<\/p>\n\n\n\n<p>Ante cualquier urgencia, se puede llamar al 911 (Polic\u00eda); para atenci\u00f3n del SAME-SAMPI, al 107, al 4609-2211, 4609-2290 o al 0800-345-7263; y para emergencias de Bomberos, al 100.<\/p>\n\n\n\n<figure class=\"wp-block-embed is-type-wp-embed is-provider-sector-prensa wp-block-embed-sector-prensa\"><div class=\"wp-block-embed__wrapper\">\n<blockquote class=\"wp-embedded-content\" data-secret=\"KiovKfqF2h\"><a href=\"https:\/\/sectorprensa.com.ar\/?p=73014\">Mor\u00f3n: cronograma de junio de asambleas de Presupuesto Participativo 2025<\/a><\/blockquote><iframe loading=\"lazy\" class=\"wp-embedded-content\" sandbox=\"allow-scripts\" security=\"restricted\" style=\"position: absolute; clip: rect(1px, 1px, 1px, 1px);\" title=\"\u00abMor\u00f3n: cronograma de junio de asambleas de Presupuesto Participativo 2025\u00bb \u2014 Sector Prensa\" src=\"https:\/\/sectorprensa.com.ar\/?p=73014&#038;embed=true#?secret=bJuqTyNpfQ#?secret=KiovKfqF2h\" data-secret=\"KiovKfqF2h\" width=\"600\" height=\"338\" frameborder=\"0\" marginwidth=\"0\" marginheight=\"0\" scrolling=\"no\"><\/iframe>\n<\/div><\/figure>\n","protected":false},"excerpt":{"rendered":"<p>En la Plaza de la Cultura, el intendente Lucas Ghi encabez\u00f3 el acto que rindi\u00f3 homenaje a quienes, con valent\u00eda<\/p>\n","protected":false},"author":6,"featured_media":73031,"comment_status":"closed","ping_status":"closed","sticky":false,"template":"","format":"standard","meta":{"colormag_page_container_layout":"default_layout","colormag_page_sidebar_layout":"default_layout","footnotes":""},"categories":[17,5,1173,10],"tags":[],"class_list":["post-73030","post","type-post","status-publish","format-standard","has-post-thumbnail","hentry","category-destacadas","category-moron","category-municipales","category-sociedad"],"_links":{"self":[{"href":"https:\/\/sectorprensa.com.ar\/index.php?rest_route=\/wp\/v2\/posts\/73030","targetHints":{"allow":["GET"]}}],"collection":[{"href":"https:\/\/sectorprensa.com.ar\/index.php?rest_route=\/wp\/v2\/posts"}],"about":[{"href":"https:\/\/sectorprensa.com.ar\/index.php?rest_route=\/wp\/v2\/types\/post"}],"author":[{"embeddable":true,"href":"https:\/\/sectorprensa.com.ar\/index.php?rest_route=\/wp\/v2\/users\/6"}],"replies":[{"embeddable":true,"href":"https:\/\/sectorprensa.com.ar\/index.php?rest_route=%2Fwp%2Fv2%2Fcomments&post=73030"}],"version-history":[{"count":1,"href":"https:\/\/sectorprensa.com.ar\/index.php?rest_route=\/wp\/v2\/posts\/73030\/revisions"}],"predecessor-version":[{"id":73032,"href":"https:\/\/sectorprensa.com.ar\/index.php?rest_route=\/wp\/v2\/posts\/73030\/revisions\/73032"}],"wp:featuredmedia":[{"embeddable":true,"href":"https:\/\/sectorprensa.com.ar\/index.php?rest_route=\/wp\/v2\/media\/73031"}],"wp:attachment":[{"href":"https:\/\/sectorprensa.com.ar\/index.php?rest_route=%2Fwp%2Fv2%2Fmedia&parent=73030"}],"wp:term":[{"taxonomy":"category","embeddable":true,"href":"https:\/\/sectorprensa.com.ar\/index.php?rest_route=%2Fwp%2Fv2%2Fcategories&post=73030"},{"taxonomy":"post_tag","embeddable":true,"href":"https:\/\/sectorprensa.com.ar\/index.php?rest_route=%2Fwp%2Fv2%2Ftags&post=73030"}],"curies":[{"name":"wp","href":"https:\/\/api.w.org\/{rel}","templated":true}]}}