{"id":73036,"date":"2025-06-05T09:30:19","date_gmt":"2025-06-05T12:30:19","guid":{"rendered":"https:\/\/sectorprensa.com.ar\/?p=73036"},"modified":"2025-06-05T09:30:20","modified_gmt":"2025-06-05T12:30:20","slug":"se-desarticulo-un-punto-de-venta-de-drogas-en-moron","status":"publish","type":"post","link":"https:\/\/sectorprensa.com.ar\/?p=73036","title":{"rendered":"Se desarticul\u00f3 un punto de venta de drogas en Mor\u00f3n"},"content":{"rendered":"\n<h6 class=\"wp-block-heading\"><strong>Gracias a una denuncia al 911 y al trabajo articulado entre fuerzas policiales y el Municipio, se logr\u00f3 desactivar un b\u00fanker de estupefacientes en el Barrio San Jos\u00e9.<\/strong><\/h6>\n\n\n\n<p>El Municipio de Mor\u00f3n, en conjunto con las fuerzas policiales, llev\u00f3 adelante un operativo antidrogas que permiti\u00f3 desarticular un punto de venta de estupefacientes en Mor\u00f3n sur, el cual operaba bajo la modalidad tipo \u201cb\u00fanker\u201d.<\/p>\n\n\n\n<p>La investigaci\u00f3n comenz\u00f3 a partir de una denuncia an\u00f3nima y, tras tareas de seguimiento, vigilancia din\u00e1mica y filmaciones, se logr\u00f3 reunir pruebas contundentes. Durante el allanamiento se incautaron dosis de clorhidrato de coca\u00edna, dinero en efectivo y se detuvo al principal responsable del lugar.<\/p>\n\n\n\n<p>El procedimiento fue encabezado por el comisario inspector Jorge Luis Santoliquido, jefe de la Delegaci\u00f3n de Investigaciones del Tr\u00e1fico de Drogas Il\u00edcitas Mor\u00f3n, con participaci\u00f3n del personal policial de la Comisar\u00eda 4ta de Mor\u00f3n, Estaci\u00f3n de Polic\u00eda Departamental, Comando de Patrullas y la colaboraci\u00f3n de la Secretar\u00eda de Seguridad del Municipio.<\/p>\n\n\n\n<p>La articulaci\u00f3n entre las fuerzas y el aporte de las c\u00e1maras municipales fueron fundamentales para avanzar en la causa, que se tramita en la UFI N\u00b09 del Departamento Judicial de Mor\u00f3n.<\/p>\n\n\n\n<p>\u201cEl Gobierno local, comandado por el intendente Lucas Ghi, contin\u00faa trabajando para fortalecer la seguridad en cada barrio, promoviendo la participaci\u00f3n ciudadana y el trabajo coordinado con todas las \u00e1reas\u201d, remarcaron desde el Municipio.<\/p>\n\n\n\n<figure class=\"wp-block-embed is-type-wp-embed is-provider-sector-prensa wp-block-embed-sector-prensa\"><div class=\"wp-block-embed__wrapper\">\n<blockquote class=\"wp-embedded-content\" data-secret=\"Nljw0hly5z\"><a href=\"https:\/\/sectorprensa.com.ar\/?p=72826\">[Video] Mor\u00f3n: desbaratan una banda dedicada al narcomenudeo<\/a><\/blockquote><iframe loading=\"lazy\" class=\"wp-embedded-content\" sandbox=\"allow-scripts\" security=\"restricted\" style=\"position: absolute; clip: rect(1px, 1px, 1px, 1px);\" title=\"\u00ab[Video] Mor\u00f3n: desbaratan una banda dedicada al narcomenudeo\u00bb \u2014 Sector Prensa\" src=\"https:\/\/sectorprensa.com.ar\/?p=72826&#038;embed=true#?secret=PGqAF7VvOU#?secret=Nljw0hly5z\" data-secret=\"Nljw0hly5z\" width=\"600\" height=\"338\" frameborder=\"0\" marginwidth=\"0\" marginheight=\"0\" scrolling=\"no\"><\/iframe>\n<\/div><\/figure>\n","protected":false},"excerpt":{"rendered":"<p>Gracias a una denuncia al 911 y al trabajo articulado entre fuerzas policiales y el Municipio, se logr\u00f3 desactivar un<\/p>\n","protected":false},"author":6,"featured_media":73037,"comment_status":"closed","ping_status":"closed","sticky":false,"template":"","format":"standard","meta":{"colormag_page_container_layout":"default_layout","colormag_page_sidebar_layout":"default_layout","footnotes":""},"categories":[6828,5,12],"tags":[],"class_list":["post-73036","post","type-post","status-publish","format-standard","has-post-thumbnail","hentry","category-mas-destacadas","category-moron","category-policiales"],"_links":{"self":[{"href":"https:\/\/sectorprensa.com.ar\/index.php?rest_route=\/wp\/v2\/posts\/73036","targetHints":{"allow":["GET"]}}],"collection":[{"href":"https:\/\/sectorprensa.com.ar\/index.php?rest_route=\/wp\/v2\/posts"}],"about":[{"href":"https:\/\/sectorprensa.com.ar\/index.php?rest_route=\/wp\/v2\/types\/post"}],"author":[{"embeddable":true,"href":"https:\/\/sectorprensa.com.ar\/index.php?rest_route=\/wp\/v2\/users\/6"}],"replies":[{"embeddable":true,"href":"https:\/\/sectorprensa.com.ar\/index.php?rest_route=%2Fwp%2Fv2%2Fcomments&post=73036"}],"version-history":[{"count":1,"href":"https:\/\/sectorprensa.com.ar\/index.php?rest_route=\/wp\/v2\/posts\/73036\/revisions"}],"predecessor-version":[{"id":73038,"href":"https:\/\/sectorprensa.com.ar\/index.php?rest_route=\/wp\/v2\/posts\/73036\/revisions\/73038"}],"wp:featuredmedia":[{"embeddable":true,"href":"https:\/\/sectorprensa.com.ar\/index.php?rest_route=\/wp\/v2\/media\/73037"}],"wp:attachment":[{"href":"https:\/\/sectorprensa.com.ar\/index.php?rest_route=%2Fwp%2Fv2%2Fmedia&parent=73036"}],"wp:term":[{"taxonomy":"category","embeddable":true,"href":"https:\/\/sectorprensa.com.ar\/index.php?rest_route=%2Fwp%2Fv2%2Fcategories&post=73036"},{"taxonomy":"post_tag","embeddable":true,"href":"https:\/\/sectorprensa.com.ar\/index.php?rest_route=%2Fwp%2Fv2%2Ftags&post=73036"}],"curies":[{"name":"wp","href":"https:\/\/api.w.org\/{rel}","templated":true}]}}