{"id":73042,"date":"2025-06-05T09:30:52","date_gmt":"2025-06-05T12:30:52","guid":{"rendered":"https:\/\/sectorprensa.com.ar\/?p=73042"},"modified":"2025-06-05T09:30:53","modified_gmt":"2025-06-05T12:30:53","slug":"ituzaingo-a-diez-anos-del-ni-una-menos-descalzo-dijo-presente-en-la-jornada-intercolegial-el-arte-repara","status":"publish","type":"post","link":"https:\/\/sectorprensa.com.ar\/?p=73042","title":{"rendered":"Ituzaing\u00f3: a diez a\u00f1os del \u201cNi Una Menos\u201d, Descalzo dijo presente en la jornada intercolegial \u201cEl arte Repara\u201d"},"content":{"rendered":"\n<h6 class=\"wp-block-heading\"><strong>El encuentro se realiz\u00f3 en el Teatro Gran Ituzaing\u00f3. La jornada invita a los y las adolescentes a reflexionar sobre la violencia por cuestiones de g\u00e9nero, a visibilizar las problem\u00e1ticas referidas a noviazgos violentos y generar conciencia sobre los diferentes tipos de violencia<\/strong>.<\/h6>\n\n\n\n<p>En el marco de los 10 a\u00f1os del primer #NiUnaMenos, se realiz\u00f3 la 10\u00b0 edici\u00f3n de la Jornada Intercolegial \u201cEl Arte Repara\u201d. El encuentro, que cont\u00f3 con la participaci\u00f3n del intendente municipal Pablo Descalzo y de cientos de chicos y chicas, se realiz\u00f3 en el Teatro Gran Ituzaing\u00f3.<\/p>\n\n\n\n<p>Esta jornada, que se realiza cada 3 de junio, invita a los y las adolescentes a reflexionar sobre la violencia por cuestiones de g\u00e9nero, a visibilizar las problem\u00e1ticas referidas a noviazgos violentos y generar conciencia sobre los diferentes tipos de violencia, brindando herramientas para prevenir estas situaciones y generar relaciones sanas. En esta oportunidad, participaron estudiantes de 17 escuelas de gesti\u00f3n p\u00fablica y privada de Ituzaing\u00f3, y los chicos y chicas del Programa Envi\u00f3n.<\/p>\n\n\n\n<p>Durante toda la jornada, los y las participantes presentaron proyectos art\u00edsticos que fueron resultado del trabajo y la investigaci\u00f3n realizada en las \u00faltimas semanas, bajo la consigna de este a\u00f1o que fue #InvolucrArte. Las presentaciones incluyeron desde breves obras de teatro, producciones audiovisuales, canciones en vivo, n\u00fameros de baile y piezas de artes pl\u00e1sticas.<\/p>\n\n\n\n<p>En este marco, el Intendente Pablo Descalzo remarc\u00f3: \u201cItuzaing\u00f3 es una ciudad pionera en el dise\u00f1o y la implementaci\u00f3n de pol\u00edticas p\u00fablicas de g\u00e9nero, que promueve el respeto a la diversidad y la igualdad entre hombres y mujeres\u201d. Y a\u00f1adi\u00f3: \u201cHace diez a\u00f1os acompa\u00f1amos el movimiento del Ni Una Menos con esta jornada&nbsp; intercolegial para educar a nuestros chicos y chicas a vincularse sin violencias y con respeto, para seguir construyendo un Ituzaing\u00f3 y una sociedad basados en la igualdad, el amor y el respeto\u201d.<\/p>\n\n\n\n<p>Estuvieron presentes tambi\u00e9n, el presidente del Honorable Concejo Deliberante, Pablo Piana; la Directora Ejecutiva del Consejo de Mujeres, G\u00e9neros, Diversidad y Derechos Humanos, Carolina Meert; el secretario de Desarrollo Humano, Juan Cruz Descalzo; la subsecretaria de Abordaje Integral de Pol\u00edticas de G\u00e9nero, Jorgelina Paola; concejales; comunidad educativa; directivos; familias; alumnos y alumnas.<\/p>\n\n\n\n<figure class=\"wp-block-embed is-type-wp-embed is-provider-sector-prensa wp-block-embed-sector-prensa\"><div class=\"wp-block-embed__wrapper\">\n<blockquote class=\"wp-embedded-content\" data-secret=\"hIuSGSQbye\"><a href=\"https:\/\/sectorprensa.com.ar\/?p=72859\">Pablo Descalzo: \u201cAlentar el desarrollo de las PyMEs y los emprendedores es clave para generar m\u00e1s empleo en Ituzaing\u00f3\u201d<\/a><\/blockquote><iframe loading=\"lazy\" class=\"wp-embedded-content\" sandbox=\"allow-scripts\" security=\"restricted\" style=\"position: absolute; clip: rect(1px, 1px, 1px, 1px);\" title=\"\u00abPablo Descalzo: \u201cAlentar el desarrollo de las PyMEs y los emprendedores es clave para generar m\u00e1s empleo en Ituzaing\u00f3\u201d\u00bb \u2014 Sector Prensa\" src=\"https:\/\/sectorprensa.com.ar\/?p=72859&#038;embed=true#?secret=JhSBR2ElHI#?secret=hIuSGSQbye\" data-secret=\"hIuSGSQbye\" width=\"600\" height=\"338\" frameborder=\"0\" marginwidth=\"0\" marginheight=\"0\" scrolling=\"no\"><\/iframe>\n<\/div><\/figure>\n","protected":false},"excerpt":{"rendered":"<p>El encuentro se realiz\u00f3 en el Teatro Gran Ituzaing\u00f3. La jornada invita a los y las adolescentes a reflexionar sobre<\/p>\n","protected":false},"author":6,"featured_media":73043,"comment_status":"closed","ping_status":"closed","sticky":false,"template":"","format":"standard","meta":{"colormag_page_container_layout":"default_layout","colormag_page_sidebar_layout":"default_layout","footnotes":""},"categories":[17,4,1173,8,10],"tags":[],"class_list":["post-73042","post","type-post","status-publish","format-standard","has-post-thumbnail","hentry","category-destacadas","category-ituzaingo","category-municipales","category-politica","category-sociedad"],"_links":{"self":[{"href":"https:\/\/sectorprensa.com.ar\/index.php?rest_route=\/wp\/v2\/posts\/73042","targetHints":{"allow":["GET"]}}],"collection":[{"href":"https:\/\/sectorprensa.com.ar\/index.php?rest_route=\/wp\/v2\/posts"}],"about":[{"href":"https:\/\/sectorprensa.com.ar\/index.php?rest_route=\/wp\/v2\/types\/post"}],"author":[{"embeddable":true,"href":"https:\/\/sectorprensa.com.ar\/index.php?rest_route=\/wp\/v2\/users\/6"}],"replies":[{"embeddable":true,"href":"https:\/\/sectorprensa.com.ar\/index.php?rest_route=%2Fwp%2Fv2%2Fcomments&post=73042"}],"version-history":[{"count":1,"href":"https:\/\/sectorprensa.com.ar\/index.php?rest_route=\/wp\/v2\/posts\/73042\/revisions"}],"predecessor-version":[{"id":73044,"href":"https:\/\/sectorprensa.com.ar\/index.php?rest_route=\/wp\/v2\/posts\/73042\/revisions\/73044"}],"wp:featuredmedia":[{"embeddable":true,"href":"https:\/\/sectorprensa.com.ar\/index.php?rest_route=\/wp\/v2\/media\/73043"}],"wp:attachment":[{"href":"https:\/\/sectorprensa.com.ar\/index.php?rest_route=%2Fwp%2Fv2%2Fmedia&parent=73042"}],"wp:term":[{"taxonomy":"category","embeddable":true,"href":"https:\/\/sectorprensa.com.ar\/index.php?rest_route=%2Fwp%2Fv2%2Fcategories&post=73042"},{"taxonomy":"post_tag","embeddable":true,"href":"https:\/\/sectorprensa.com.ar\/index.php?rest_route=%2Fwp%2Fv2%2Ftags&post=73042"}],"curies":[{"name":"wp","href":"https:\/\/api.w.org\/{rel}","templated":true}]}}