{"id":73045,"date":"2025-06-04T17:39:35","date_gmt":"2025-06-04T20:39:35","guid":{"rendered":"https:\/\/sectorprensa.com.ar\/?p=73045"},"modified":"2025-06-04T17:39:37","modified_gmt":"2025-06-04T20:39:37","slug":"despues-de-hoy-se-viene-una-lucha-aun-mas-grande-en-el-senado","status":"publish","type":"post","link":"https:\/\/sectorprensa.com.ar\/?p=73045","title":{"rendered":"\u201cDespu\u00e9s de hoy, se viene una lucha a\u00fan m\u00e1s grande en el Senado\u201d"},"content":{"rendered":"\n<h6 class=\"wp-block-heading\"><strong>Laura Lavega, referente en el colectivo de discapacidad, expres\u00f3 su confianza con respecto al proyecto de ley de Emergencia en Discapacidad que buscar\u00e1 tener qu\u00f3rum hoy en Diputados. \u201cLa discapacidad es transversal a cualquier partido pol\u00edtico\u201d, remarc\u00f3.<\/strong><\/h6>\n\n\n\n<p>Este mi\u00e9rcoles en la C\u00e1mara de Diputados, se tratar\u00e1n diferentes temas pol\u00edticos que est\u00e1n agenda. Uno de ellos es el proyecto de ley de Emergencia en Discapacidad, impulsado por Daniel Arroyo, y buscar\u00e1 conseguir el qu\u00f3rum para pasar al Senado. En ese contexto, la especialista y referente en discapacidad, Laura Lavega, se mostr\u00f3 confiada en que se aprobar\u00e1 la normativa y se\u00f1al\u00f3 que \u201cdespu\u00e9s de hoy, se viene una lucha a\u00fan m\u00e1s grande en el Senado\u201d. Por otra parte, revel\u00f3 que hay \u201cun acuerdo entre los bloques\u201d.<\/p>\n\n\n\n<p>\u201cExpectativas, hay much\u00edsimas. Esperanza, m\u00e1s todav\u00eda. Por lo que venimos viendo y tratando, te dir\u00eda que estamos casi convencidos que esta ley sale hoy del Congreso. Hoy hay una movilizaci\u00f3n, desde temprano se fueron concentrando en el Congreso\u201d, expres\u00f3 en di\u00e1logo con el programa \u201cEl Tanke de B\u00fanker\u201d, en Radio B\u00fanker 94.9.<\/p>\n\n\n\n<p>El panorama en los alrededores del Congreso: \u201cTristemente se duplicaron las fuerzas de seguridad, hay francos tiradores en los techos, paran las combis y no las dejan avanzar. Nunca pens\u00e9 tener vida para ver esto en democracia\u201d, dijo.<\/p>\n\n\n\n<p>\u201cEl gobierno incumple con la Constituci\u00f3n Nacional. La Convenci\u00f3n de los Derechos de las Personas con Discapacidad, a la que adhiere Argentina, toma car\u00e1cter constitucional en nuestro pa\u00eds, y se est\u00e1n vulnerando absolutamente todos los derechos. Estamos hablando de un Presidente que cuando no tuvo de donde m\u00e1s agarrarse, se pele\u00f3 con un ni\u00f1o autista de 12 a\u00f1os\u201d, se\u00f1al\u00f3 Lavega.<\/p>\n\n\n\n<p>Con respecto al proyecto de ley, insisti\u00f3: \u201cCreemos que se va a aprobar, lo venimos palpando y manejando en todas las reuniones de comisiones que hubo. Sentimos el apoyo de los bloques, m\u00e1s all\u00e1 de los partidos pol\u00edticos, no se ve una cuesti\u00f3n partidaria. Si se pone much\u00edsimo en juego en el Senado, porque ah\u00ed va a haber presi\u00f3n a las provincias. Y lamentablemente, si la ley no sale con los dos tercios necesarios del Senado, tenemos clar\u00edsimo que la van a vetar, porque ya lo dijeron. Y detr\u00e1s del veto, sale el decreto de regulaci\u00f3n del nomenclador\u201d.<\/p>\n\n\n\n<p>El pensamiento de Diego Spagnuolo, titular de la Agencia Nacional de Discapacidad: \u201cSabemos que \u00e9l dijo que la culpa de tener una persona con discapacidad es de la familia, no del Estado. Se ha quejado de hacerse cargo de &#8216;estos pobres, de los muertos de hambre&#8217;. Son palabras que salieron de su boca, de las que claramente no tenemos pruebas como para mostrarlo\u201d, afirm\u00f3.<\/p>\n\n\n\n<p>Por otra parte, confirm\u00f3 que desde el sector dialogaron con Diputados: \u201cLas reuniones con Diputados y con muchos sectores, no solamente del peronismo. Hay un acuerdo de todos los sectores, por supuesto que no hablo de La Libertad Avanza\u201d, cont\u00f3.<\/p>\n\n\n\n<p>\u201cArroyo plante\u00f3 que esta ley no busca sacar del presupuesto, sino desde otros sectores. Supongamos que requiere el 0,3% del PBI, nadie va a ser m\u00e1s pobre\u201d, explic\u00f3.<\/p>\n\n\n\n<p>Luego resalt\u00f3 que \u201cdespu\u00e9s de hoy, se viene una lucha a\u00fan m\u00e1s grande en el Senado. Hoy empieza este camino final\u201d y pidi\u00f3 que \u201cla gente nos acompa\u00f1e, no es una cuesti\u00f3n partidaria\u201d.<\/p>\n\n\n\n<p>\u201cLa discapacidad es transversal a cualquier partido pol\u00edtico, y a cualquier persona. La discapacidad te llega, no avisa. No es algo netamente de nacimiento\u201d, complet\u00f3.<\/p>\n\n\n\n<figure class=\"wp-block-embed is-type-wp-embed is-provider-sector-prensa wp-block-embed-sector-prensa\"><div class=\"wp-block-embed__wrapper\">\n<blockquote class=\"wp-embedded-content\" data-secret=\"WcJJpC6vcY\"><a href=\"https:\/\/sectorprensa.com.ar\/?p=73020\">\u201cEl incremento salarial es solamente para los residentes\u201d<\/a><\/blockquote><iframe loading=\"lazy\" class=\"wp-embedded-content\" sandbox=\"allow-scripts\" security=\"restricted\" style=\"position: absolute; clip: rect(1px, 1px, 1px, 1px);\" title=\"\u00ab\u201cEl incremento salarial es solamente para los residentes\u201d\u00bb \u2014 Sector Prensa\" src=\"https:\/\/sectorprensa.com.ar\/?p=73020&#038;embed=true#?secret=34UVbJZ5ZB#?secret=WcJJpC6vcY\" data-secret=\"WcJJpC6vcY\" width=\"600\" height=\"338\" frameborder=\"0\" marginwidth=\"0\" marginheight=\"0\" scrolling=\"no\"><\/iframe>\n<\/div><\/figure>\n","protected":false},"excerpt":{"rendered":"<p>Laura Lavega, referente en el colectivo de discapacidad, expres\u00f3 su confianza con respecto al proyecto de ley de Emergencia en<\/p>\n","protected":false},"author":6,"featured_media":73046,"comment_status":"closed","ping_status":"closed","sticky":false,"template":"","format":"standard","meta":{"colormag_page_container_layout":"default_layout","colormag_page_sidebar_layout":"default_layout","footnotes":""},"categories":[17,8],"tags":[],"class_list":["post-73045","post","type-post","status-publish","format-standard","has-post-thumbnail","hentry","category-destacadas","category-politica"],"_links":{"self":[{"href":"https:\/\/sectorprensa.com.ar\/index.php?rest_route=\/wp\/v2\/posts\/73045","targetHints":{"allow":["GET"]}}],"collection":[{"href":"https:\/\/sectorprensa.com.ar\/index.php?rest_route=\/wp\/v2\/posts"}],"about":[{"href":"https:\/\/sectorprensa.com.ar\/index.php?rest_route=\/wp\/v2\/types\/post"}],"author":[{"embeddable":true,"href":"https:\/\/sectorprensa.com.ar\/index.php?rest_route=\/wp\/v2\/users\/6"}],"replies":[{"embeddable":true,"href":"https:\/\/sectorprensa.com.ar\/index.php?rest_route=%2Fwp%2Fv2%2Fcomments&post=73045"}],"version-history":[{"count":1,"href":"https:\/\/sectorprensa.com.ar\/index.php?rest_route=\/wp\/v2\/posts\/73045\/revisions"}],"predecessor-version":[{"id":73047,"href":"https:\/\/sectorprensa.com.ar\/index.php?rest_route=\/wp\/v2\/posts\/73045\/revisions\/73047"}],"wp:featuredmedia":[{"embeddable":true,"href":"https:\/\/sectorprensa.com.ar\/index.php?rest_route=\/wp\/v2\/media\/73046"}],"wp:attachment":[{"href":"https:\/\/sectorprensa.com.ar\/index.php?rest_route=%2Fwp%2Fv2%2Fmedia&parent=73045"}],"wp:term":[{"taxonomy":"category","embeddable":true,"href":"https:\/\/sectorprensa.com.ar\/index.php?rest_route=%2Fwp%2Fv2%2Fcategories&post=73045"},{"taxonomy":"post_tag","embeddable":true,"href":"https:\/\/sectorprensa.com.ar\/index.php?rest_route=%2Fwp%2Fv2%2Ftags&post=73045"}],"curies":[{"name":"wp","href":"https:\/\/api.w.org\/{rel}","templated":true}]}}