{"id":73051,"date":"2025-06-04T20:36:10","date_gmt":"2025-06-04T23:36:10","guid":{"rendered":"https:\/\/sectorprensa.com.ar\/?p=73051"},"modified":"2025-06-04T20:36:30","modified_gmt":"2025-06-04T23:36:30","slug":"erreconerre-ciclo-de-musica-en-guitarras","status":"publish","type":"post","link":"https:\/\/sectorprensa.com.ar\/?p=73051","title":{"rendered":"Erreconerre, ciclo de m\u00fasica en guitarras"},"content":{"rendered":"\n<h6 class=\"wp-block-heading\"><strong>Nace el ciclo erreconerre, un espacio para la difusi\u00f3n y democratizaci\u00f3n de la m\u00fasica en guitarra, que busca ampliar los p\u00fablicos, los escenarios y las oportunidades para la cultura guitarrera<\/strong>.<\/h6>\n\n\n\n<p>Comienza con un concierto en el bell\u00edsimo y ya ic\u00f3nico Teatro Brote en la ciudad de Hurlingham, en el Teatro Brote podes sumarte a talleres, charlas, ciclos, conciertos o ir exclusivamente a disfrutar de su distinguida locaci\u00f3n y su propuesta gastron\u00f3mica.<\/p>\n\n\n\n<p>Esta primera actividad ser\u00e1 un concierto, los m\u00fasicos Malena Monz\u00f3n, Jorge Salinas, Fernando Villa y Seba Costa, cuatro guitarristas, cuatro mundos, cuatro maneras de interpretar la po\u00e9tica del repertorio para guitarra.<\/p>\n\n\n\n<p>Acompa\u00f1an al ciclo la Asociaci\u00f3n Civil \u201cHorizonte Sur\u201d, \u201cAtmosfera\u201d plantas y las productora audiovisual \u201cLa Disminuida\u201d. La cita es el pr\u00f3ximo domingo 8 de junio a las 20h, en Teatro Brote, Gaboto 1168, Hurlingham, con entrada a la gorra.<\/p>\n\n\n\n<figure class=\"wp-block-embed is-type-wp-embed is-provider-sector-prensa wp-block-embed-sector-prensa\"><div class=\"wp-block-embed__wrapper\">\n<blockquote class=\"wp-embedded-content\" data-secret=\"B4nYUYW7kC\"><a href=\"https:\/\/sectorprensa.com.ar\/?p=73048\">Glassrows present\u00f3 Too Late For Regrets<\/a><\/blockquote><iframe loading=\"lazy\" class=\"wp-embedded-content\" sandbox=\"allow-scripts\" security=\"restricted\" style=\"position: absolute; clip: rect(1px, 1px, 1px, 1px);\" title=\"\u00abGlassrows present\u00f3 Too Late For Regrets\u00bb \u2014 Sector Prensa\" src=\"https:\/\/sectorprensa.com.ar\/?p=73048&#038;embed=true#?secret=04uYM6M5ZI#?secret=B4nYUYW7kC\" data-secret=\"B4nYUYW7kC\" width=\"600\" height=\"338\" frameborder=\"0\" marginwidth=\"0\" marginheight=\"0\" scrolling=\"no\"><\/iframe>\n<\/div><\/figure>\n","protected":false},"excerpt":{"rendered":"<p>Nace el ciclo erreconerre, un espacio para la difusi\u00f3n y democratizaci\u00f3n de la m\u00fasica en guitarra, que busca ampliar los<\/p>\n","protected":false},"author":5,"featured_media":73052,"comment_status":"closed","ping_status":"closed","sticky":false,"template":"","format":"standard","meta":{"colormag_page_container_layout":"default_layout","colormag_page_sidebar_layout":"default_layout","footnotes":""},"categories":[9,17],"tags":[9475],"class_list":["post-73051","post","type-post","status-publish","format-standard","has-post-thumbnail","hentry","category-cultura","category-destacadas","tag-erreconerre"],"_links":{"self":[{"href":"https:\/\/sectorprensa.com.ar\/index.php?rest_route=\/wp\/v2\/posts\/73051","targetHints":{"allow":["GET"]}}],"collection":[{"href":"https:\/\/sectorprensa.com.ar\/index.php?rest_route=\/wp\/v2\/posts"}],"about":[{"href":"https:\/\/sectorprensa.com.ar\/index.php?rest_route=\/wp\/v2\/types\/post"}],"author":[{"embeddable":true,"href":"https:\/\/sectorprensa.com.ar\/index.php?rest_route=\/wp\/v2\/users\/5"}],"replies":[{"embeddable":true,"href":"https:\/\/sectorprensa.com.ar\/index.php?rest_route=%2Fwp%2Fv2%2Fcomments&post=73051"}],"version-history":[{"count":2,"href":"https:\/\/sectorprensa.com.ar\/index.php?rest_route=\/wp\/v2\/posts\/73051\/revisions"}],"predecessor-version":[{"id":73054,"href":"https:\/\/sectorprensa.com.ar\/index.php?rest_route=\/wp\/v2\/posts\/73051\/revisions\/73054"}],"wp:featuredmedia":[{"embeddable":true,"href":"https:\/\/sectorprensa.com.ar\/index.php?rest_route=\/wp\/v2\/media\/73052"}],"wp:attachment":[{"href":"https:\/\/sectorprensa.com.ar\/index.php?rest_route=%2Fwp%2Fv2%2Fmedia&parent=73051"}],"wp:term":[{"taxonomy":"category","embeddable":true,"href":"https:\/\/sectorprensa.com.ar\/index.php?rest_route=%2Fwp%2Fv2%2Fcategories&post=73051"},{"taxonomy":"post_tag","embeddable":true,"href":"https:\/\/sectorprensa.com.ar\/index.php?rest_route=%2Fwp%2Fv2%2Ftags&post=73051"}],"curies":[{"name":"wp","href":"https:\/\/api.w.org\/{rel}","templated":true}]}}