{"id":73097,"date":"2025-06-07T11:26:23","date_gmt":"2025-06-07T14:26:23","guid":{"rendered":"https:\/\/sectorprensa.com.ar\/?p=73097"},"modified":"2025-06-08T23:21:10","modified_gmt":"2025-06-09T02:21:10","slug":"el-papa-leon-xiv-le-confirmo-a-milei-que-visitara-argentina","status":"publish","type":"post","link":"https:\/\/sectorprensa.com.ar\/?p=73097","title":{"rendered":"El papa Le\u00f3n XIV le confirm\u00f3 a Milei que visitar\u00e1 Argentina"},"content":{"rendered":"\n<h6 class=\"wp-block-heading\"><strong>Lo asegur\u00f3 el vocero Manuel Adorni. Fue en la primera reuni\u00f3n oficial que mantuvieron el nuevo Pont\u00edfice y el mandatario argentino. Desde el Vaticano se destac\u00f3 el di\u00e1logo sobre \u201cel compromiso en favor de la cohesi\u00f3n social\u201d.<\/strong><\/h6>\n\n\n\n<p>El presidente\u00a0Javier Milei\u00a0y el papa\u00a0Le\u00f3n XIV\u00a0tuvieron su primer encuentro institucional en la\u00a0Ciudad del Vaticano, y all\u00ed\u00a0el Pont\u00edfice le confirm\u00f3 al mandatario argentino que visitar\u00e1 Argentina. As\u00ed lo revel\u00f3 este s\u00e1bado el vocero presidencial,\u00a0Manuel Adorni. En la reuni\u00f3n, adem\u00e1s, Milei y el Papa hablaron\u00a0de \u201ctendencias socioecon\u00f3micas, la lucha contra la pobreza y el compromiso en favor de la cohesi\u00f3n social\u201d, seg\u00fan la oficina de prensa de la Santa Sedeo.<\/p>\n\n\n\n<p>\u201cEl papa Le\u00f3n XIV le confirm\u00f3 al Presidente de la Naci\u00f3n durante el encuentro que mantuvieron hace unos instantes que visitar\u00e1 la Argentina\u201d, escribi\u00f3 Adorni en redes sociales, sin ofrecer m\u00e1s detalles sobre fechas ni itinerario.<\/p>\n\n\n\n<p>La reuni\u00f3n se trat\u00f3 del primer contacto institucional entre el nuevo pont\u00edfice, de origen estadounidense y nacionalidad tambi\u00e9n peruana, y el mandatario argentino, luego de la elecci\u00f3n de Le\u00f3n XIV como sucesor de\u00a0Jorge Bergoglio, fallecido en abril.<\/p>\n\n\n\n<figure class=\"wp-block-embed is-type-rich is-provider-twitter wp-block-embed-twitter\"><div class=\"wp-block-embed__wrapper\">\n<blockquote class=\"twitter-tweet\" data-width=\"550\" data-dnt=\"true\"><p lang=\"es\" dir=\"ltr\">El Papa Le\u00f3n XIV le confirm\u00f3 al Presidente de la Naci\u00f3n durante el encuentro que mantuvieron hace unos instantes que visitar\u00e1 la Argentina.<br><br>Fin.<\/p>&mdash; Manuel Adorni (@madorni) <a href=\"https:\/\/twitter.com\/madorni\/status\/1931280834906230999?ref_src=twsrc%5Etfw\">June 7, 2025<\/a><\/blockquote><script async src=\"https:\/\/platform.twitter.com\/widgets.js\" charset=\"utf-8\"><\/script>\n<\/div><\/figure>\n\n\n\n<figure class=\"wp-block-embed is-type-wp-embed is-provider-sector-prensa wp-block-embed-sector-prensa\"><div class=\"wp-block-embed__wrapper\">\n<blockquote class=\"wp-embedded-content\" data-secret=\"uUYt8VbTbZ\"><a href=\"https:\/\/sectorprensa.com.ar\/?p=72408\">Garc\u00eda Cueva afirm\u00f3 que Le\u00f3n XIV \u201ces un hombre de Francisco\u201d que \u201ccomparte su mirada de la realidad\u201d<\/a><\/blockquote><iframe loading=\"lazy\" class=\"wp-embedded-content\" sandbox=\"allow-scripts\" security=\"restricted\" style=\"position: absolute; clip: rect(1px, 1px, 1px, 1px);\" title=\"\u00abGarc\u00eda Cueva afirm\u00f3 que Le\u00f3n XIV \u201ces un hombre de Francisco\u201d que \u201ccomparte su mirada de la realidad\u201d\u00bb \u2014 Sector Prensa\" src=\"https:\/\/sectorprensa.com.ar\/?p=72408&#038;embed=true#?secret=VxuI0DvUc9#?secret=uUYt8VbTbZ\" data-secret=\"uUYt8VbTbZ\" width=\"600\" height=\"338\" frameborder=\"0\" marginwidth=\"0\" marginheight=\"0\" scrolling=\"no\"><\/iframe>\n<\/div><\/figure>\n","protected":false},"excerpt":{"rendered":"<p>Lo asegur\u00f3 el vocero Manuel Adorni. Fue en la primera reuni\u00f3n oficial que mantuvieron el nuevo Pont\u00edfice y el mandatario<\/p>\n","protected":false},"author":6,"featured_media":73100,"comment_status":"closed","ping_status":"closed","sticky":false,"template":"","format":"standard","meta":{"colormag_page_container_layout":"default_layout","colormag_page_sidebar_layout":"default_layout","footnotes":""},"categories":[8],"tags":[],"class_list":["post-73097","post","type-post","status-publish","format-standard","has-post-thumbnail","hentry","category-politica"],"_links":{"self":[{"href":"https:\/\/sectorprensa.com.ar\/index.php?rest_route=\/wp\/v2\/posts\/73097","targetHints":{"allow":["GET"]}}],"collection":[{"href":"https:\/\/sectorprensa.com.ar\/index.php?rest_route=\/wp\/v2\/posts"}],"about":[{"href":"https:\/\/sectorprensa.com.ar\/index.php?rest_route=\/wp\/v2\/types\/post"}],"author":[{"embeddable":true,"href":"https:\/\/sectorprensa.com.ar\/index.php?rest_route=\/wp\/v2\/users\/6"}],"replies":[{"embeddable":true,"href":"https:\/\/sectorprensa.com.ar\/index.php?rest_route=%2Fwp%2Fv2%2Fcomments&post=73097"}],"version-history":[{"count":1,"href":"https:\/\/sectorprensa.com.ar\/index.php?rest_route=\/wp\/v2\/posts\/73097\/revisions"}],"predecessor-version":[{"id":73098,"href":"https:\/\/sectorprensa.com.ar\/index.php?rest_route=\/wp\/v2\/posts\/73097\/revisions\/73098"}],"wp:featuredmedia":[{"embeddable":true,"href":"https:\/\/sectorprensa.com.ar\/index.php?rest_route=\/wp\/v2\/media\/73100"}],"wp:attachment":[{"href":"https:\/\/sectorprensa.com.ar\/index.php?rest_route=%2Fwp%2Fv2%2Fmedia&parent=73097"}],"wp:term":[{"taxonomy":"category","embeddable":true,"href":"https:\/\/sectorprensa.com.ar\/index.php?rest_route=%2Fwp%2Fv2%2Fcategories&post=73097"},{"taxonomy":"post_tag","embeddable":true,"href":"https:\/\/sectorprensa.com.ar\/index.php?rest_route=%2Fwp%2Fv2%2Ftags&post=73097"}],"curies":[{"name":"wp","href":"https:\/\/api.w.org\/{rel}","templated":true}]}}