{"id":73102,"date":"2025-06-07T19:16:24","date_gmt":"2025-06-07T22:16:24","guid":{"rendered":"https:\/\/sectorprensa.com.ar\/?p=73102"},"modified":"2025-06-08T23:21:36","modified_gmt":"2025-06-09T02:21:36","slug":"ituzaingo-certamen-literario-libre-y-gratuito","status":"publish","type":"post","link":"https:\/\/sectorprensa.com.ar\/?p=73102","title":{"rendered":"Ituzaing\u00f3: certamen literario libre y gratuito"},"content":{"rendered":"\n<p><strong>La Biblioteca Popular \u00abLa Tradici\u00f3n\u00bb y la Asociaci\u00f3n Civil \u201cHorizonte Sur\u201d invitan a participar del \u201cCertamen Literario Nacional de Cuento Corto\u201d. <\/strong><\/p>\n\n\n\n<p>Este certamen literario, promocionado por la Sociedad de Fomento y Biblioteca Popular \u00abLa Tradici\u00f3n\u00bb y la Asociaci\u00f3n Civil \u00abHorizonte Sur\u00bb, est\u00e1 orientado a un p\u00fablico joven-adulto para descubrir a trav\u00e9s del mismo a nuevos autores. Las personas interesadas en participar deben tomar en cuenta que dicho concurso contar\u00e1 con dos categor\u00edas: juvenil (de 12 a 17 a\u00f1os) y adulto (de 18 a\u00f1os en adelante, sin restricciones).<\/p>\n\n\n\n<p>La participaci\u00f3n es totalmente libre y gratuita, por lo cual no se deber\u00e1 abonar monto alguno bajo ning\u00fan t\u00e9rmino. Este ser\u00e1 un certamen plural y diverso que buscar\u00e1 remarcar la presencia de escritores tanto argentinos como de otras nacionalidades de todo el territorio nacional.<\/p>\n\n\n\n<figure class=\"wp-block-image size-full\"><img loading=\"lazy\" decoding=\"async\" width=\"317\" height=\"114\" src=\"https:\/\/sectorprensa.com.ar\/wp-content\/uploads\/2025\/06\/logos.jpg\" alt=\"\" class=\"wp-image-73112\" srcset=\"https:\/\/sectorprensa.com.ar\/wp-content\/uploads\/2025\/06\/logos.jpg 317w, https:\/\/sectorprensa.com.ar\/wp-content\/uploads\/2025\/06\/logos-300x108.jpg 300w\" sizes=\"auto, (max-width: 317px) 100vw, 317px\" \/><\/figure>\n\n\n\n<p>En relaci\u00f3n a las obras que pueden ser enviadas para participar de este concurso, es importante que se tomen en cuenta las siguientes condiciones: estas deben estar escritas en espa\u00f1ol, ser in\u00e9ditas y no haber sido premiadas en otros cert\u00e1menes. A su vez, resulta imperante destacar que tanto la tem\u00e1tica como el estilo \u00abser\u00e1n de libre elecci\u00f3n por parte del autor\u00bb, indicaron desde la organizaci\u00f3n.<\/p>\n\n\n\n<figure class=\"wp-block-embed is-type-wp-embed is-provider-sector-prensa wp-block-embed-sector-prensa\"><div class=\"wp-block-embed__wrapper\">\n<blockquote class=\"wp-embedded-content\" data-secret=\"MD83LkKcRI\"><a href=\"https:\/\/sectorprensa.com.ar\/?p=73051\">Erreconerre, ciclo de m\u00fasica en guitarras<\/a><\/blockquote><iframe loading=\"lazy\" class=\"wp-embedded-content\" sandbox=\"allow-scripts\" security=\"restricted\" style=\"position: absolute; clip: rect(1px, 1px, 1px, 1px);\" title=\"\u00abErreconerre, ciclo de m\u00fasica en guitarras\u00bb \u2014 Sector Prensa\" src=\"https:\/\/sectorprensa.com.ar\/?p=73051&#038;embed=true#?secret=3491lsHZ5z#?secret=MD83LkKcRI\" data-secret=\"MD83LkKcRI\" width=\"600\" height=\"338\" frameborder=\"0\" marginwidth=\"0\" marginheight=\"0\" scrolling=\"no\"><\/iframe>\n<\/div><\/figure>\n\n\n\n<p>\u00abLa extensi\u00f3n de los cuentos deber\u00e1 ser como m\u00e1ximo de 600 (seiscientas) palabras sin considerar el t\u00edtulo. Los cuentos que excedan dicho l\u00edmite ser\u00e1n autom\u00e1ticamente descalificados\u00bb, se\u00f1alaron desde el equipo organizador de este certamen literario. Tambi\u00e9n fueron remarcadas algunas caracter\u00edsticas que debe tener el texto como la letra Times New Roman 12, el interlineado de 1.5 y los m\u00e1rgenes m\u00ednimos de 3 cent\u00edmetros en todo sus lados, entre otras que se encuentra bien detalladas en las bases y condiciones del certamen.<\/p>\n\n\n\n<p>Las producciones de los diferentes autores deber\u00e1n ser entregadas, firmadas con seud\u00f3nimo, a bibliolatradicion@gmail.com teniendo tiempo para ser enviadas hasta el lunes 30 de junio. Las obras ser\u00e1n analizadas por un jurado y el anuncio de los ganadores tendr\u00e1 lugar durante septiembre, llev\u00e1ndose adelante la entrega de premios el s\u00e1bado 27 de septiembre en la sede de la Sociedad de Fomento y Biblioteca Popular \u00abLa Tradici\u00f3n\u00bb (Juli\u00e1n Balb\u00edn 4020 \u2013 Ituzaing\u00f3).<\/p>\n\n\n\n<p>Acompa\u00f1a el certamen literario \u201cMaipue\u201d, editorial independiente dedicada a la publicaci\u00f3n de libros de texto para la educaci\u00f3n secundaria y otras tem\u00e1ticas de inter\u00e9s cultural.<\/p>\n\n\n\n<p><a href=\"https:\/\/drive.google.com\/file\/d\/1k0a0Ds7xiYKGkcBGfJWgmhT5KKKKUiZA\/view?fbclid=PAQ0xDSwKuruJleHRuA2FlbQIxMQABpzQXIogDEL5VurUq-Jic-WpVv_kgYfFQRojwoRKotaWJITLQ9Q5-5MItJaED_aem_1LirhoYExJQNhnswov3-bA\">https:\/\/drive.google.com\/file\/d\/1k0a0Ds7xiYKGkcBGfJWgmhT5KKKKUiZA\/view?fbclid=PAQ0xDSwKuruJleHRuA2FlbQIxMQABpzQXIogDEL5VurUq-Jic-WpVv_kgYfFQRojwoRKotaWJITLQ9Q5-5MItJaED_aem_1LirhoYExJQNhnswov3-bA<\/a><\/p>\n","protected":false},"excerpt":{"rendered":"<p>La Biblioteca Popular \u00abLa Tradici\u00f3n\u00bb y la Asociaci\u00f3n Civil \u201cHorizonte Sur\u201d invitan a participar del \u201cCertamen Literario Nacional de Cuento<\/p>\n","protected":false},"author":1,"featured_media":73110,"comment_status":"closed","ping_status":"closed","sticky":false,"template":"","format":"standard","meta":{"colormag_page_container_layout":"default_layout","colormag_page_sidebar_layout":"default_layout","footnotes":""},"categories":[9,4],"tags":[49,9476],"class_list":["post-73102","post","type-post","status-publish","format-standard","has-post-thumbnail","hentry","category-cultura","category-ituzaingo","tag-ituzaingo","tag-literatura"],"_links":{"self":[{"href":"https:\/\/sectorprensa.com.ar\/index.php?rest_route=\/wp\/v2\/posts\/73102","targetHints":{"allow":["GET"]}}],"collection":[{"href":"https:\/\/sectorprensa.com.ar\/index.php?rest_route=\/wp\/v2\/posts"}],"about":[{"href":"https:\/\/sectorprensa.com.ar\/index.php?rest_route=\/wp\/v2\/types\/post"}],"author":[{"embeddable":true,"href":"https:\/\/sectorprensa.com.ar\/index.php?rest_route=\/wp\/v2\/users\/1"}],"replies":[{"embeddable":true,"href":"https:\/\/sectorprensa.com.ar\/index.php?rest_route=%2Fwp%2Fv2%2Fcomments&post=73102"}],"version-history":[{"count":2,"href":"https:\/\/sectorprensa.com.ar\/index.php?rest_route=\/wp\/v2\/posts\/73102\/revisions"}],"predecessor-version":[{"id":73113,"href":"https:\/\/sectorprensa.com.ar\/index.php?rest_route=\/wp\/v2\/posts\/73102\/revisions\/73113"}],"wp:featuredmedia":[{"embeddable":true,"href":"https:\/\/sectorprensa.com.ar\/index.php?rest_route=\/wp\/v2\/media\/73110"}],"wp:attachment":[{"href":"https:\/\/sectorprensa.com.ar\/index.php?rest_route=%2Fwp%2Fv2%2Fmedia&parent=73102"}],"wp:term":[{"taxonomy":"category","embeddable":true,"href":"https:\/\/sectorprensa.com.ar\/index.php?rest_route=%2Fwp%2Fv2%2Fcategories&post=73102"},{"taxonomy":"post_tag","embeddable":true,"href":"https:\/\/sectorprensa.com.ar\/index.php?rest_route=%2Fwp%2Fv2%2Ftags&post=73102"}],"curies":[{"name":"wp","href":"https:\/\/api.w.org\/{rel}","templated":true}]}}