{"id":73360,"date":"2025-06-18T22:16:57","date_gmt":"2025-06-19T01:16:57","guid":{"rendered":"https:\/\/sectorprensa.com.ar\/?p=73360"},"modified":"2025-06-18T22:16:58","modified_gmt":"2025-06-19T01:16:58","slug":"hay-una-necesidad-de-que-el-peronismo-vuelva-a-conectar-con-la-sociedad","status":"publish","type":"post","link":"https:\/\/sectorprensa.com.ar\/?p=73360","title":{"rendered":"\u00abHay una necesidad de que el peronismo vuelva a conectar con la sociedad\u00bb"},"content":{"rendered":"\n<h6 class=\"wp-block-heading\"><strong>As\u00ed se expres\u00f3 Daniel Men\u00e9ndez, dirigente de Barrios de Pie y funcionario del gobierno bonaerense, en la previa de la marcha hacia Plaza de Mayo. Adem\u00e1s, advirti\u00f3 que \u00abel poder real busca disciplinar a la dirigencia popular\u00bb.<\/strong><\/h6>\n\n\n\n<p>Este mi\u00e9rcoles diferentes agrupaciones y sectores del peronismo marcharon por la tarde hacia Plaza de Mayo para apoyar a Cristina Fern\u00e1ndez de Kirchner, quien debe cumplir prisi\u00f3n domiciliaria y con condiciones no vistas antes. En la previa a ese evento Daniel Men\u00e9ndez, habl\u00f3 sobre la organizaci\u00f3n y expres\u00f3 que \u00abhay una necesidad de que el peronismo vuelva a conectar con la sociedad\u00bb. Por otra parte, el dirigente de Barrios de Pie se\u00f1al\u00f3 a Axel Kicillof como el encargado de \u00abexpresar la renovaci\u00f3n para construir una nueva mayor\u00eda\u00bb.<\/p>\n\n\n\n<p>\u00abLa organizaci\u00f3n se desarroll\u00f3 de manera masiva, en todos los puntos del pa\u00eds, la provincia y Ciudad de Buenos Aires. Nos movilizamos en contra de un fallo que busca a partir a de la proscripci\u00f3n de Cristina, mandar un mensaje al conjunto de la dirigencia popular, disciplinar y dejar un mensaje claro a llevar adelante el poder real a la justicia. Buscan perseguir a quienes se animan a mejorar la vida de millones de argentinos. Me parece que es una necesidad de primer orden para el conjunto del movimiento popular, marcar un freno y construir el consenso al interior de la sociedad, para que sea posible otra etapa en la Argentina donde las mayor\u00edas vivan mejor\u00bb, dijo en di\u00e1logo con el programa \u00abEl Tanke de B\u00fanker\u00bb, en Radio B\u00fanker 94.9, en los instantes previos a la manifestaci\u00f3n.<\/p>\n\n\n\n<p>\u00abPara que sea viable un nuevo proyecto de pa\u00eds, con todos y todas adentro, necesitamos dar una se\u00f1al muy clara respecto de la denuncia a esta actitud que est\u00e1n teniendo de encarcelar a Cristina. Obviamente que la se\u00f1al que se est\u00e1 dando es muy clara, respecto a buscar disciplinar a la dirigencia popular para que sean mascotas del poder. Hay que dar un mensaje de construir las condiciones para que un proceso popular que llegue al gobierno, tenga en agenda la libertad de Cristina\u00bb, agreg\u00f3 Men\u00e9ndez.<\/p>\n\n\n\n<p>La reconstrucci\u00f3n del peronismo: \u00abHay que construir con un ladrillo puesto en el pueblo, las demandas, y solucionar las nuevas agendas que est\u00e1n calando en la Argentina. Sin dudas, hay una necesidad de que el peronismo vuelva a conectar con la sociedad, a partir del mal gobierno que se hizo en la etapa anterior. Hay una nueva agenda a la que dar una respuesta y hay que construir un nuevo liderazgo. No solo que estamos trabajando con el Gobernador de la provincia de Buenos Aires, que est\u00e1 en las mejores posibilidades y puede expresar esa renovaci\u00f3n para construir una nueva mayor\u00eda\u00bb, se\u00f1al\u00f3 para cerrar.<\/p>\n\n\n\n<figure class=\"wp-block-embed is-type-wp-embed is-provider-sector-prensa wp-block-embed-sector-prensa\"><div class=\"wp-block-embed__wrapper\">\n<blockquote class=\"wp-embedded-content\" data-secret=\"qS6pVbiq4l\"><a href=\"https:\/\/sectorprensa.com.ar\/?p=73317\">\u00abLes molesta verla bailar con su pueblo\u00bb<\/a><\/blockquote><iframe loading=\"lazy\" class=\"wp-embedded-content\" sandbox=\"allow-scripts\" security=\"restricted\" style=\"position: absolute; clip: rect(1px, 1px, 1px, 1px);\" title=\"\u00ab\u00abLes molesta verla bailar con su pueblo\u00bb\u00bb \u2014 Sector Prensa\" src=\"https:\/\/sectorprensa.com.ar\/?p=73317&#038;embed=true#?secret=ZSc6RpYbLf#?secret=qS6pVbiq4l\" data-secret=\"qS6pVbiq4l\" width=\"600\" height=\"338\" frameborder=\"0\" marginwidth=\"0\" marginheight=\"0\" scrolling=\"no\"><\/iframe>\n<\/div><\/figure>\n","protected":false},"excerpt":{"rendered":"<p>As\u00ed se expres\u00f3 Daniel Men\u00e9ndez, dirigente de Barrios de Pie y funcionario del gobierno bonaerense, en la previa de la<\/p>\n","protected":false},"author":5,"featured_media":73361,"comment_status":"closed","ping_status":"closed","sticky":false,"template":"","format":"standard","meta":{"colormag_page_container_layout":"default_layout","colormag_page_sidebar_layout":"default_layout","footnotes":""},"categories":[17,8],"tags":[1980,2622,5876],"class_list":["post-73360","post","type-post","status-publish","format-standard","has-post-thumbnail","hentry","category-destacadas","category-politica","tag-barrios-de-pie","tag-daniel-menendez","tag-gobierno-bonaerense"],"_links":{"self":[{"href":"https:\/\/sectorprensa.com.ar\/index.php?rest_route=\/wp\/v2\/posts\/73360","targetHints":{"allow":["GET"]}}],"collection":[{"href":"https:\/\/sectorprensa.com.ar\/index.php?rest_route=\/wp\/v2\/posts"}],"about":[{"href":"https:\/\/sectorprensa.com.ar\/index.php?rest_route=\/wp\/v2\/types\/post"}],"author":[{"embeddable":true,"href":"https:\/\/sectorprensa.com.ar\/index.php?rest_route=\/wp\/v2\/users\/5"}],"replies":[{"embeddable":true,"href":"https:\/\/sectorprensa.com.ar\/index.php?rest_route=%2Fwp%2Fv2%2Fcomments&post=73360"}],"version-history":[{"count":1,"href":"https:\/\/sectorprensa.com.ar\/index.php?rest_route=\/wp\/v2\/posts\/73360\/revisions"}],"predecessor-version":[{"id":73371,"href":"https:\/\/sectorprensa.com.ar\/index.php?rest_route=\/wp\/v2\/posts\/73360\/revisions\/73371"}],"wp:featuredmedia":[{"embeddable":true,"href":"https:\/\/sectorprensa.com.ar\/index.php?rest_route=\/wp\/v2\/media\/73361"}],"wp:attachment":[{"href":"https:\/\/sectorprensa.com.ar\/index.php?rest_route=%2Fwp%2Fv2%2Fmedia&parent=73360"}],"wp:term":[{"taxonomy":"category","embeddable":true,"href":"https:\/\/sectorprensa.com.ar\/index.php?rest_route=%2Fwp%2Fv2%2Fcategories&post=73360"},{"taxonomy":"post_tag","embeddable":true,"href":"https:\/\/sectorprensa.com.ar\/index.php?rest_route=%2Fwp%2Fv2%2Ftags&post=73360"}],"curies":[{"name":"wp","href":"https:\/\/api.w.org\/{rel}","templated":true}]}}