{"id":73502,"date":"2025-06-24T09:28:12","date_gmt":"2025-06-24T12:28:12","guid":{"rendered":"https:\/\/sectorprensa.com.ar\/?p=73502"},"modified":"2025-06-24T09:28:12","modified_gmt":"2025-06-24T12:28:12","slug":"el-palomar-un-prefecto-retirado-mato-a-un-ladron-de-14-anos-que-intento-asaltarlo","status":"publish","type":"post","link":"https:\/\/sectorprensa.com.ar\/?p=73502","title":{"rendered":"El Palomar: un prefecto retirado mat\u00f3 a un ladr\u00f3n de 14 a\u00f1os que intent\u00f3 asaltarlo"},"content":{"rendered":"\n<p><strong>El hecho ocurri\u00f3 frente a su casa, cuando el hombre fue abordado por varios delincuentes. Tras repeler el ataque con su arma, uno de los j\u00f3venes muri\u00f3 y se desat\u00f3 una fuerte tensi\u00f3n con familiares del fallecido. El fiscal consider\u00f3 que actu\u00f3 en leg\u00edtima defensa.<\/strong><\/p>\n\n\n\n<p>Un prefecto retirado del Servicio Penitenciario Federal mat\u00f3 a un adolescente de 14 a\u00f1os que intent\u00f3 asaltarlo junto a otros c\u00f3mplices cuando llegaba a su casa en El Palomar, partido de Mor\u00f3n. El hecho ocurri\u00f3 en la calle Cacique Catriel al 600, cerca del hospital Posadas y del barrio Carlos Gardel, de donde era oriundo el joven fallecido.<\/p>\n\n\n\n<p>Seg\u00fan fuentes policiales, el hombre, de 70 a\u00f1os, hab\u00eda estacionado su camioneta Jeep Renegade cuando fue sorprendido por varios delincuentes armados que descendieron de un Peugeot 208 blanco. Dos de ellos lo apuntaron con armas de fuego bajo la modalidad de robo pira\u00f1a.<\/p>\n\n\n\n<p>En ese momento, el exagente extrajo su arma reglamentaria y dispar\u00f3 contra los asaltantes. Uno de los disparos impact\u00f3 en el pecho de Joel Benjam\u00edn Trovato (foto), quien corri\u00f3 unos metros y cay\u00f3 muerto en la calle. El resto del grupo huy\u00f3 del lugar, mientras el retirado dio aviso al 911.<\/p>\n\n\n\n<p>La tensi\u00f3n creci\u00f3 r\u00e1pidamente cuando familiares y allegados del joven llegaron a la escena. La madre, embarazada, y el padre del adolescente debieron ser asistidos por personal m\u00e9dico. Tambi\u00e9n se hicieron presentes m\u00e1s de cien personas, algunas con intenciones de venganza.<\/p>\n\n\n\n<p>La Guardia de Infanter\u00eda intervino para evitar enfrentamientos. Tras horas de tensi\u00f3n, la situaci\u00f3n fue controlada y la justicia orden\u00f3 el retiro del cuerpo. El fiscal Oscar Marcos, de la UFI N\u00ba 4 de Mor\u00f3n, determin\u00f3 que el prefecto retirado actu\u00f3 en leg\u00edtima defensa y no tom\u00f3 medidas en su contra.<\/p>\n\n\n\n<figure class=\"wp-block-embed is-type-wp-embed is-provider-sector-prensa wp-block-embed-sector-prensa\"><div class=\"wp-block-embed__wrapper\">\n<blockquote class=\"wp-embedded-content\" data-secret=\"xCwMUWO3VQ\"><a href=\"https:\/\/sectorprensa.com.ar\/?p=73442\">Merlo: detienen a sujeto por violencia de g\u00e9nero y secuestran drogas y municiones<\/a><\/blockquote><iframe loading=\"lazy\" class=\"wp-embedded-content\" sandbox=\"allow-scripts\" security=\"restricted\" style=\"position: absolute; clip: rect(1px, 1px, 1px, 1px);\" title=\"\u00abMerlo: detienen a sujeto por violencia de g\u00e9nero y secuestran drogas y municiones\u00bb \u2014 Sector Prensa\" src=\"https:\/\/sectorprensa.com.ar\/?p=73442&#038;embed=true#?secret=KwEWsHwEX4#?secret=xCwMUWO3VQ\" data-secret=\"xCwMUWO3VQ\" width=\"600\" height=\"338\" frameborder=\"0\" marginwidth=\"0\" marginheight=\"0\" scrolling=\"no\"><\/iframe>\n<\/div><\/figure>\n","protected":false},"excerpt":{"rendered":"<p>El hecho ocurri\u00f3 frente a su casa, cuando el hombre fue abordado por varios delincuentes. Tras repeler el ataque con<\/p>\n","protected":false},"author":6,"featured_media":73503,"comment_status":"closed","ping_status":"closed","sticky":false,"template":"","format":"standard","meta":{"colormag_page_container_layout":"default_layout","colormag_page_sidebar_layout":"default_layout","footnotes":""},"categories":[17,5,12],"tags":[],"class_list":["post-73502","post","type-post","status-publish","format-standard","has-post-thumbnail","hentry","category-destacadas","category-moron","category-policiales"],"_links":{"self":[{"href":"https:\/\/sectorprensa.com.ar\/index.php?rest_route=\/wp\/v2\/posts\/73502","targetHints":{"allow":["GET"]}}],"collection":[{"href":"https:\/\/sectorprensa.com.ar\/index.php?rest_route=\/wp\/v2\/posts"}],"about":[{"href":"https:\/\/sectorprensa.com.ar\/index.php?rest_route=\/wp\/v2\/types\/post"}],"author":[{"embeddable":true,"href":"https:\/\/sectorprensa.com.ar\/index.php?rest_route=\/wp\/v2\/users\/6"}],"replies":[{"embeddable":true,"href":"https:\/\/sectorprensa.com.ar\/index.php?rest_route=%2Fwp%2Fv2%2Fcomments&post=73502"}],"version-history":[{"count":1,"href":"https:\/\/sectorprensa.com.ar\/index.php?rest_route=\/wp\/v2\/posts\/73502\/revisions"}],"predecessor-version":[{"id":73504,"href":"https:\/\/sectorprensa.com.ar\/index.php?rest_route=\/wp\/v2\/posts\/73502\/revisions\/73504"}],"wp:featuredmedia":[{"embeddable":true,"href":"https:\/\/sectorprensa.com.ar\/index.php?rest_route=\/wp\/v2\/media\/73503"}],"wp:attachment":[{"href":"https:\/\/sectorprensa.com.ar\/index.php?rest_route=%2Fwp%2Fv2%2Fmedia&parent=73502"}],"wp:term":[{"taxonomy":"category","embeddable":true,"href":"https:\/\/sectorprensa.com.ar\/index.php?rest_route=%2Fwp%2Fv2%2Fcategories&post=73502"},{"taxonomy":"post_tag","embeddable":true,"href":"https:\/\/sectorprensa.com.ar\/index.php?rest_route=%2Fwp%2Fv2%2Ftags&post=73502"}],"curies":[{"name":"wp","href":"https:\/\/api.w.org\/{rel}","templated":true}]}}