{"id":73817,"date":"2025-07-07T15:56:23","date_gmt":"2025-07-07T18:56:23","guid":{"rendered":"https:\/\/sectorprensa.com.ar\/?p=73817"},"modified":"2025-07-07T16:00:28","modified_gmt":"2025-07-07T19:00:28","slug":"anna-blou-lanza-mar-es-mar","status":"publish","type":"post","link":"https:\/\/sectorprensa.com.ar\/?p=73817","title":{"rendered":"Anna Blou lanza \u00abMar es mar\u00bb"},"content":{"rendered":"\n<h6 class=\"wp-block-heading\"><strong>La artista presenta su primer \u00e1lbum, una obra introspectiva que invita a los oyentes a sumergirse en las profundidades de las emociones humanas, con su corte difusi\u00f3n titulado \u201cDeshabitada\u201d.<\/strong><\/h6>\n\n\n\n<p>Anna Blou lanza su primer \u00e1lbum, titulado \u00abMar es mar\u00bb. La artista argentina encapsula su est\u00e9tica y la dualidad de emociones que explora en su m\u00fasica, desde la calma hasta la melancol\u00eda,como el mar que inspira su est\u00e9tica y su nombre.<\/p>\n\n\n\n<p>La cantante comenz\u00f3 su camino como solista en 2022. Sus influencias en la m\u00fasica fueron Gustavo Cerati, Luis Alberto Spinetta y Marilina Bertoldi.<\/p>\n\n\n\n<figure class=\"wp-block-embed is-type-video is-provider-youtube wp-block-embed-youtube wp-embed-aspect-16-9 wp-has-aspect-ratio\"><div class=\"wp-block-embed__wrapper\">\n<iframe loading=\"lazy\" title=\"Anna Blou - Deshabitada (AUDIO live at Un\u00edsono Cerati)\" width=\"800\" height=\"450\" src=\"https:\/\/www.youtube.com\/embed\/YqE4nRMkQZk?feature=oembed\" frameborder=\"0\" allow=\"accelerometer; autoplay; clipboard-write; encrypted-media; gyroscope; picture-in-picture; web-share\" referrerpolicy=\"strict-origin-when-cross-origin\" allowfullscreen><\/iframe>\n<\/div><\/figure>\n\n\n\n<p>\u00abMar es mar\u00bb es un viaje de autodescubrimiento y gratitud, donde la artista se siente plenamente ella misma al cantar. El \u00e1lbum incluye su corte difusi\u00f3n \u00abDeshabitada\u00bb y \u00abSonido Azul\u00bb, grabados de forma excepcional en el estudio de Gustavo Cerati y producido por Nicol\u00e1s Parker, ingeniero de sonido del ex l\u00edder de Soda Stereo.<\/p>\n\n\n\n<p>Adem\u00e1s, el trabajo discogr\u00e1fico cuenta con el aporte de Nico Gaggi\u00f3n, Nico Guti\u00e9rrez y Hern\u00e1n Solucci.<\/p>\n\n\n\n<p>Cabe destacar, Anna Blou fue mencionada en la revista Rolling Stone y grab\u00f3 su sencillo \u00abVitaminas\u00bb en el estudio de Javi Herrlein, ex Catupecu Machu. Sumado a eso, contin\u00faa perfeccion\u00e1ndose en la escuela de Patricia Sosa.<\/p>\n\n\n\n<figure class=\"wp-block-embed is-type-wp-embed is-provider-sector-prensa wp-block-embed-sector-prensa\"><div class=\"wp-block-embed__wrapper\">\n<blockquote class=\"wp-embedded-content\" data-secret=\"e87ieOvPE1\"><a href=\"https:\/\/sectorprensa.com.ar\/?p=73768\">Ruido Piola estrena su nuevo corteo y videoclip<\/a><\/blockquote><iframe loading=\"lazy\" class=\"wp-embedded-content\" sandbox=\"allow-scripts\" security=\"restricted\" style=\"position: absolute; clip: rect(1px, 1px, 1px, 1px);\" title=\"\u00abRuido Piola estrena su nuevo corteo y videoclip\u00bb \u2014 Sector Prensa\" src=\"https:\/\/sectorprensa.com.ar\/?p=73768&#038;embed=true#?secret=lw5Xqwi93r#?secret=e87ieOvPE1\" data-secret=\"e87ieOvPE1\" width=\"600\" height=\"338\" frameborder=\"0\" marginwidth=\"0\" marginheight=\"0\" scrolling=\"no\"><\/iframe>\n<\/div><\/figure>\n","protected":false},"excerpt":{"rendered":"<p>La artista presenta su primer \u00e1lbum, una obra introspectiva que invita a los oyentes a sumergirse en las profundidades de<\/p>\n","protected":false},"author":5,"featured_media":73818,"comment_status":"closed","ping_status":"closed","sticky":false,"template":"","format":"standard","meta":{"colormag_page_container_layout":"default_layout","colormag_page_sidebar_layout":"default_layout","footnotes":""},"categories":[9,17],"tags":[9500,9501],"class_list":["post-73817","post","type-post","status-publish","format-standard","has-post-thumbnail","hentry","category-cultura","category-destacadas","tag-anna-blou","tag-mar-es-mar"],"_links":{"self":[{"href":"https:\/\/sectorprensa.com.ar\/index.php?rest_route=\/wp\/v2\/posts\/73817","targetHints":{"allow":["GET"]}}],"collection":[{"href":"https:\/\/sectorprensa.com.ar\/index.php?rest_route=\/wp\/v2\/posts"}],"about":[{"href":"https:\/\/sectorprensa.com.ar\/index.php?rest_route=\/wp\/v2\/types\/post"}],"author":[{"embeddable":true,"href":"https:\/\/sectorprensa.com.ar\/index.php?rest_route=\/wp\/v2\/users\/5"}],"replies":[{"embeddable":true,"href":"https:\/\/sectorprensa.com.ar\/index.php?rest_route=%2Fwp%2Fv2%2Fcomments&post=73817"}],"version-history":[{"count":2,"href":"https:\/\/sectorprensa.com.ar\/index.php?rest_route=\/wp\/v2\/posts\/73817\/revisions"}],"predecessor-version":[{"id":73829,"href":"https:\/\/sectorprensa.com.ar\/index.php?rest_route=\/wp\/v2\/posts\/73817\/revisions\/73829"}],"wp:featuredmedia":[{"embeddable":true,"href":"https:\/\/sectorprensa.com.ar\/index.php?rest_route=\/wp\/v2\/media\/73818"}],"wp:attachment":[{"href":"https:\/\/sectorprensa.com.ar\/index.php?rest_route=%2Fwp%2Fv2%2Fmedia&parent=73817"}],"wp:term":[{"taxonomy":"category","embeddable":true,"href":"https:\/\/sectorprensa.com.ar\/index.php?rest_route=%2Fwp%2Fv2%2Fcategories&post=73817"},{"taxonomy":"post_tag","embeddable":true,"href":"https:\/\/sectorprensa.com.ar\/index.php?rest_route=%2Fwp%2Fv2%2Ftags&post=73817"}],"curies":[{"name":"wp","href":"https:\/\/api.w.org\/{rel}","templated":true}]}}