{"id":73832,"date":"2025-07-07T18:07:35","date_gmt":"2025-07-07T21:07:35","guid":{"rendered":"https:\/\/sectorprensa.com.ar\/?p=73832"},"modified":"2025-07-07T18:07:35","modified_gmt":"2025-07-07T21:07:35","slug":"es-un-balsamo-para-seguir-a-pesar-de-las-circunstancias","status":"publish","type":"post","link":"https:\/\/sectorprensa.com.ar\/?p=73832","title":{"rendered":"\u00abEs un b\u00e1lsamo para seguir a pesar de las circunstancias\u00bb"},"content":{"rendered":"\n<h6 class=\"wp-block-heading\"><strong>Abuelas de Plaza de Mayo brind\u00f3 una conferencia de prensa para anunciar la restituci\u00f3n del nieto 140. \u00abConfirmamos, una vez m\u00e1s, que nuestros nietos y nietas est\u00e1n entre nosotros\u00bb, dijo Estela de Carlotto.<\/strong><\/h6>\n\n\n\n<p>A trav\u00e9s de una conferencia de prensa en la Casa de la Identidad del Espacio Memoria, Abuelas de Plaza de Mayo anunci\u00f3 la restituci\u00f3n del nieto 140. Quien tom\u00f3 la palabra fue su titular, Estela de Carlotto, quien expres\u00f3 su felicidad por este reencuentro.<\/p>\n\n\n\n<p>\u00abEs un b\u00e1lsamo para seguir a pesar de las circunstancias\u00bb, dijo y agradeci\u00f3 el estar \u00aba\u00fan lucida\u00bb. Adem\u00e1s, sostuvo que sus \u00abfuerzas para seguir\u00bb se deben a los nietos, \u00ablas abuelas que ya no est\u00e1n\u00bb y los trabajadores de la asociaci\u00f3n.<\/p>\n\n\n\n<p>El nieto restituido es hijo de Ra\u00fal Eugenio Metz y Graciela Romero, naci\u00f3 el 17 de abril de 1977 donde funcionaba el centro clandestino llamado la Escuelita de Bah\u00eda Blanca, lugar del que eran oriundos sus padres. Ra\u00fal y Graciela a\u00fan se encuentran desaparecidos, fueron secuestrados en Cutral-C\u00f3 ese mismo a\u00f1o. Era buscado por su hermana Adriana, quien hab\u00eda quedado hu\u00e9rfana y fue criada por sus abuelos paternos.<\/p>\n\n\n\n<p>\u00abCon la restituci\u00f3n del nieto 140 confirmamos, una vez m\u00e1s, que nuestros nietos y nietas est\u00e1n entre nosotros. Los vamos a encontrar gracias al trabajo que llevamos hace 47 a\u00f1os\u00bb, finaliz\u00f3 De Carlotto.<\/p>\n\n\n\n<figure class=\"wp-block-embed is-type-wp-embed is-provider-sector-prensa wp-block-embed-sector-prensa\"><div class=\"wp-block-embed__wrapper\">\n<blockquote class=\"wp-embedded-content\" data-secret=\"Xsow4wcbqa\"><a href=\"https:\/\/sectorprensa.com.ar\/?p=73688\">\u00abEs un esc\u00e1ndalo que una jueza extranjera resuelva que nuestra Constituci\u00f3n no vale nada\u00bb<\/a><\/blockquote><iframe loading=\"lazy\" class=\"wp-embedded-content\" sandbox=\"allow-scripts\" security=\"restricted\" style=\"position: absolute; clip: rect(1px, 1px, 1px, 1px);\" title=\"\u00ab\u00abEs un esc\u00e1ndalo que una jueza extranjera resuelva que nuestra Constituci\u00f3n no vale nada\u00bb\u00bb \u2014 Sector Prensa\" src=\"https:\/\/sectorprensa.com.ar\/?p=73688&#038;embed=true#?secret=RDyVsA0cu5#?secret=Xsow4wcbqa\" data-secret=\"Xsow4wcbqa\" width=\"600\" height=\"338\" frameborder=\"0\" marginwidth=\"0\" marginheight=\"0\" scrolling=\"no\"><\/iframe>\n<\/div><\/figure>\n","protected":false},"excerpt":{"rendered":"<p>Abuelas de Plaza de Mayo brind\u00f3 una conferencia de prensa para anunciar la restituci\u00f3n del nieto 140. \u00abConfirmamos, una vez<\/p>\n","protected":false},"author":5,"featured_media":73833,"comment_status":"closed","ping_status":"closed","sticky":false,"template":"","format":"standard","meta":{"colormag_page_container_layout":"default_layout","colormag_page_sidebar_layout":"default_layout","footnotes":""},"categories":[17,8],"tags":[6923,9502],"class_list":["post-73832","post","type-post","status-publish","format-standard","has-post-thumbnail","hentry","category-destacadas","category-politica","tag-abuelas-de-plaza-de-mayo-2","tag-nieto-140"],"_links":{"self":[{"href":"https:\/\/sectorprensa.com.ar\/index.php?rest_route=\/wp\/v2\/posts\/73832","targetHints":{"allow":["GET"]}}],"collection":[{"href":"https:\/\/sectorprensa.com.ar\/index.php?rest_route=\/wp\/v2\/posts"}],"about":[{"href":"https:\/\/sectorprensa.com.ar\/index.php?rest_route=\/wp\/v2\/types\/post"}],"author":[{"embeddable":true,"href":"https:\/\/sectorprensa.com.ar\/index.php?rest_route=\/wp\/v2\/users\/5"}],"replies":[{"embeddable":true,"href":"https:\/\/sectorprensa.com.ar\/index.php?rest_route=%2Fwp%2Fv2%2Fcomments&post=73832"}],"version-history":[{"count":1,"href":"https:\/\/sectorprensa.com.ar\/index.php?rest_route=\/wp\/v2\/posts\/73832\/revisions"}],"predecessor-version":[{"id":73836,"href":"https:\/\/sectorprensa.com.ar\/index.php?rest_route=\/wp\/v2\/posts\/73832\/revisions\/73836"}],"wp:featuredmedia":[{"embeddable":true,"href":"https:\/\/sectorprensa.com.ar\/index.php?rest_route=\/wp\/v2\/media\/73833"}],"wp:attachment":[{"href":"https:\/\/sectorprensa.com.ar\/index.php?rest_route=%2Fwp%2Fv2%2Fmedia&parent=73832"}],"wp:term":[{"taxonomy":"category","embeddable":true,"href":"https:\/\/sectorprensa.com.ar\/index.php?rest_route=%2Fwp%2Fv2%2Fcategories&post=73832"},{"taxonomy":"post_tag","embeddable":true,"href":"https:\/\/sectorprensa.com.ar\/index.php?rest_route=%2Fwp%2Fv2%2Ftags&post=73832"}],"curies":[{"name":"wp","href":"https:\/\/api.w.org\/{rel}","templated":true}]}}