{"id":73877,"date":"2025-07-09T16:54:42","date_gmt":"2025-07-09T19:54:42","guid":{"rendered":"https:\/\/sectorprensa.com.ar\/?p=73877"},"modified":"2025-07-09T16:54:42","modified_gmt":"2025-07-09T19:54:42","slug":"hurlingham-concurso-de-guitarras-en-el-teatro","status":"publish","type":"post","link":"https:\/\/sectorprensa.com.ar\/?p=73877","title":{"rendered":"Hurlingham: concurso de guitarras en el teatro"},"content":{"rendered":"\n<h6 class=\"wp-block-heading\"><strong>El certamen se llevar\u00e1 adelante en el Teatro Brote. Las inscripciones se abrir\u00e1n a partir de la pr\u00f3xima semana.<\/strong><\/h6>\n\n\n\n<p>Se trata de un concurso para guitarristas solistas que ejecuten su m\u00fasica en guitarras cl\u00e1sicas de cuerdas de nylon, sin restricciones de edad, para int\u00e9rpretes con formaci\u00f3n formal o informal que posean lectura musical.<\/p>\n\n\n\n<p>Las inscripciones comenzar\u00e1n a partir del 15 de julio. Con respecto al formato del certamen, ser\u00e1 de ronda, semifinal y final, los d\u00edas 19, 20 y 26 de julio a partir de las 15 horas.<\/p>\n\n\n\n<p>Para las dos primeras rondas, se requerir\u00e1 que cada int\u00e9rprete ejecute dos obras a elecci\u00f3n: una popular y otra de estructura acad\u00e9mica, con la sugerencia de no exceder los 10 minutos de duraci\u00f3n entre ambas.<\/p>\n\n\n\n<p>En la instancia decisiva, los participantes interpretar\u00e1n una obra escrita especialmente para la ocasi\u00f3n. Las mismas se entregar\u00e1n con cinco d\u00edas de anticipaci\u00f3n, adem\u00e1s ser\u00e1n obligatorias. Se le sumar\u00e1n dos a elecci\u00f3n, el orden ser\u00e1 el deseado por los concursantes.<\/p>\n\n\n\n<figure class=\"wp-block-image size-large\"><img loading=\"lazy\" decoding=\"async\" width=\"1024\" height=\"920\" src=\"https:\/\/sectorprensa.com.ar\/wp-content\/uploads\/2025\/07\/WhatsApp-Image-2025-07-08-at-20.52.01-1024x920.jpeg\" alt=\"\" class=\"wp-image-73879\" srcset=\"https:\/\/sectorprensa.com.ar\/wp-content\/uploads\/2025\/07\/WhatsApp-Image-2025-07-08-at-20.52.01-1024x920.jpeg 1024w, https:\/\/sectorprensa.com.ar\/wp-content\/uploads\/2025\/07\/WhatsApp-Image-2025-07-08-at-20.52.01-300x270.jpeg 300w, https:\/\/sectorprensa.com.ar\/wp-content\/uploads\/2025\/07\/WhatsApp-Image-2025-07-08-at-20.52.01-768x690.jpeg 768w, https:\/\/sectorprensa.com.ar\/wp-content\/uploads\/2025\/07\/WhatsApp-Image-2025-07-08-at-20.52.01.jpeg 1242w\" sizes=\"auto, (max-width: 1024px) 100vw, 1024px\" \/><\/figure>\n\n\n\n<p>La sonoraci\u00f3n ser\u00e1 sin amplificaci\u00f3n durante toda la competencia. El jurado lo integrar\u00e1n por los guitarristas Gustavo Dotas, Sebasti\u00e1n Costa, Carlos Carmona y el luthier Rodolfo Cucculelli, que calificar\u00e1n de 1 a 10 cada la afinaci\u00f3n, t\u00e9cnica, sonido e interpretaci\u00f3n.<\/p>\n\n\n\n<p>El concurso que en todas las instancias ser\u00e1 con p\u00fablico presente, est\u00e1 auspiciado por Guitarras \u201cLa Alpujarra\u201d, los premios son para el 1\u00b0 puesto: una guitarra \u201cLa Alpujarra\u201d modelo concierto, para el 2\u00b0 y 3\u00b0 puesto, ejecuci\u00f3n de una obra junto a la \u201cCamerata de la Ciudad de Buenos Aires\u201d, certificados y reconocimientos.<\/p>\n\n\n\n<p>Los guitarristas que quieran participar deber\u00e1n abonar la inscripci\u00f3n, adem\u00e1s de enviar un mail a concursodeguitarra2025@gmail.com, con su nombre completo y datos de contacto.<\/p>\n\n\n\n<figure class=\"wp-block-embed is-type-wp-embed is-provider-sector-prensa wp-block-embed-sector-prensa\"><div class=\"wp-block-embed__wrapper\">\n<blockquote class=\"wp-embedded-content\" data-secret=\"DTIheNUTBe\"><a href=\"https:\/\/sectorprensa.com.ar\/?p=73817\">Anna Blou lanza \u00abMar es mar\u00bb<\/a><\/blockquote><iframe loading=\"lazy\" class=\"wp-embedded-content\" sandbox=\"allow-scripts\" security=\"restricted\" style=\"position: absolute; clip: rect(1px, 1px, 1px, 1px);\" title=\"\u00abAnna Blou lanza \u00abMar es mar\u00bb\u00bb \u2014 Sector Prensa\" src=\"https:\/\/sectorprensa.com.ar\/?p=73817&#038;embed=true#?secret=x89QoFVPuC#?secret=DTIheNUTBe\" data-secret=\"DTIheNUTBe\" width=\"600\" height=\"338\" frameborder=\"0\" marginwidth=\"0\" marginheight=\"0\" scrolling=\"no\"><\/iframe>\n<\/div><\/figure>\n","protected":false},"excerpt":{"rendered":"<p>El certamen se llevar\u00e1 adelante en el Teatro Brote. Las inscripciones se abrir\u00e1n a partir de la pr\u00f3xima semana. Se<\/p>\n","protected":false},"author":5,"featured_media":73878,"comment_status":"closed","ping_status":"closed","sticky":false,"template":"","format":"standard","meta":{"colormag_page_container_layout":"default_layout","colormag_page_sidebar_layout":"default_layout","footnotes":""},"categories":[9,17,6],"tags":[3472,9503],"class_list":["post-73877","post","type-post","status-publish","format-standard","has-post-thumbnail","hentry","category-cultura","category-destacadas","category-hurlingham","tag-hurlingam","tag-teatro-brote"],"_links":{"self":[{"href":"https:\/\/sectorprensa.com.ar\/index.php?rest_route=\/wp\/v2\/posts\/73877","targetHints":{"allow":["GET"]}}],"collection":[{"href":"https:\/\/sectorprensa.com.ar\/index.php?rest_route=\/wp\/v2\/posts"}],"about":[{"href":"https:\/\/sectorprensa.com.ar\/index.php?rest_route=\/wp\/v2\/types\/post"}],"author":[{"embeddable":true,"href":"https:\/\/sectorprensa.com.ar\/index.php?rest_route=\/wp\/v2\/users\/5"}],"replies":[{"embeddable":true,"href":"https:\/\/sectorprensa.com.ar\/index.php?rest_route=%2Fwp%2Fv2%2Fcomments&post=73877"}],"version-history":[{"count":1,"href":"https:\/\/sectorprensa.com.ar\/index.php?rest_route=\/wp\/v2\/posts\/73877\/revisions"}],"predecessor-version":[{"id":73880,"href":"https:\/\/sectorprensa.com.ar\/index.php?rest_route=\/wp\/v2\/posts\/73877\/revisions\/73880"}],"wp:featuredmedia":[{"embeddable":true,"href":"https:\/\/sectorprensa.com.ar\/index.php?rest_route=\/wp\/v2\/media\/73878"}],"wp:attachment":[{"href":"https:\/\/sectorprensa.com.ar\/index.php?rest_route=%2Fwp%2Fv2%2Fmedia&parent=73877"}],"wp:term":[{"taxonomy":"category","embeddable":true,"href":"https:\/\/sectorprensa.com.ar\/index.php?rest_route=%2Fwp%2Fv2%2Fcategories&post=73877"},{"taxonomy":"post_tag","embeddable":true,"href":"https:\/\/sectorprensa.com.ar\/index.php?rest_route=%2Fwp%2Fv2%2Ftags&post=73877"}],"curies":[{"name":"wp","href":"https:\/\/api.w.org\/{rel}","templated":true}]}}