{"id":73887,"date":"2025-07-09T23:09:14","date_gmt":"2025-07-10T02:09:14","guid":{"rendered":"https:\/\/sectorprensa.com.ar\/?p=73887"},"modified":"2025-07-09T23:09:14","modified_gmt":"2025-07-10T02:09:14","slug":"en-un-clasico-que-tuvo-de-todo-midland-se-llevo-el-triunfo","status":"publish","type":"post","link":"https:\/\/sectorprensa.com.ar\/?p=73887","title":{"rendered":"En un cl\u00e1sico que tuvo de todo, Midland se llev\u00f3 el triunfo"},"content":{"rendered":"\n<h6 class=\"wp-block-heading\"><strong>El Funebrero derrot\u00f3 a Argentino de Merlo por 2-1 en condici\u00f3n de local, luego de estar abajo en el marcador. La Academia de Merlo Norte finaliz\u00f3 el encuentro con un jugador menos por una tarjeta roja.<\/strong><\/h6>\n\n\n\n<p>En la noche del mi\u00e9rcoles se disput\u00f3 uno de los cl\u00e1sicos del distrito de Merlo. En el Ciudad de Libertad, Midland se llev\u00f3 los tres puntos luego de vencer a Argentino de Merlo por 2.1 por la tercera fecha del Clausura de la Primera B Metropolitana.<\/p>\n\n\n\n<p>En la primera parte, la Academia de Merlo Norte se adelant\u00f3 con el gol de Lucas Delgado a los 15 minutos. Cuando transcurr\u00edan 20&#8242; de la mencionada etapa, el due\u00f1o de casa tuvo un penal a favor, Francisco Molina lo ejecut\u00f3 y C\u00e9sar Atama\u00f1uk lo ataj\u00f3.<\/p>\n\n\n\n<p>Pero en el complemento las cosas iban a cambiar. El Funebrero lleg\u00f3 a la igualdad gracias al gol de Molina cuando el cron\u00f3metro marcaba apenas 3&#8242;. Y a los 6&#8242;, el volante volvi\u00f3 a marcar para darle la victoria al local. Ocho m\u00e1s tarde, Enzo Z\u00e1rate fue expulsado en la visita.<\/p>\n\n\n\n<p>El conjunto de Libertad se trepa a lo m\u00e1s alto del campeonato con 7 unidades, vale recordar que ya se gan\u00f3 un lugar en la final por el ascenso debido a que conquist\u00f3 el Apertura. En la pr\u00f3xima jornada, visitar\u00e1 a Brown de Adrogu\u00e9.<\/p>\n\n\n\n<p>Por su parte, los dirigidos por N\u00e9stor Ferraresi se mantienen terceros en la tabla general y estar\u00edan disputando, de momento, el reducido. El siguiente compromiso ser\u00e1 en casa, reciben a Sportivo Italiano.<\/p>\n","protected":false},"excerpt":{"rendered":"<p>El Funebrero derrot\u00f3 a Argentino de Merlo por 2-1 en condici\u00f3n de local, luego de estar abajo en el marcador.<\/p>\n","protected":false},"author":5,"featured_media":73888,"comment_status":"closed","ping_status":"closed","sticky":false,"template":"","format":"standard","meta":{"colormag_page_container_layout":"default_layout","colormag_page_sidebar_layout":"default_layout","footnotes":""},"categories":[11],"tags":[176,89],"class_list":["post-73887","post","type-post","status-publish","format-standard","has-post-thumbnail","hentry","category-deportes","tag-argentino-de-merlo","tag-midland"],"_links":{"self":[{"href":"https:\/\/sectorprensa.com.ar\/index.php?rest_route=\/wp\/v2\/posts\/73887","targetHints":{"allow":["GET"]}}],"collection":[{"href":"https:\/\/sectorprensa.com.ar\/index.php?rest_route=\/wp\/v2\/posts"}],"about":[{"href":"https:\/\/sectorprensa.com.ar\/index.php?rest_route=\/wp\/v2\/types\/post"}],"author":[{"embeddable":true,"href":"https:\/\/sectorprensa.com.ar\/index.php?rest_route=\/wp\/v2\/users\/5"}],"replies":[{"embeddable":true,"href":"https:\/\/sectorprensa.com.ar\/index.php?rest_route=%2Fwp%2Fv2%2Fcomments&post=73887"}],"version-history":[{"count":1,"href":"https:\/\/sectorprensa.com.ar\/index.php?rest_route=\/wp\/v2\/posts\/73887\/revisions"}],"predecessor-version":[{"id":73892,"href":"https:\/\/sectorprensa.com.ar\/index.php?rest_route=\/wp\/v2\/posts\/73887\/revisions\/73892"}],"wp:featuredmedia":[{"embeddable":true,"href":"https:\/\/sectorprensa.com.ar\/index.php?rest_route=\/wp\/v2\/media\/73888"}],"wp:attachment":[{"href":"https:\/\/sectorprensa.com.ar\/index.php?rest_route=%2Fwp%2Fv2%2Fmedia&parent=73887"}],"wp:term":[{"taxonomy":"category","embeddable":true,"href":"https:\/\/sectorprensa.com.ar\/index.php?rest_route=%2Fwp%2Fv2%2Fcategories&post=73887"},{"taxonomy":"post_tag","embeddable":true,"href":"https:\/\/sectorprensa.com.ar\/index.php?rest_route=%2Fwp%2Fv2%2Ftags&post=73887"}],"curies":[{"name":"wp","href":"https:\/\/api.w.org\/{rel}","templated":true}]}}