{"id":73979,"date":"2025-07-14T11:53:20","date_gmt":"2025-07-14T14:53:20","guid":{"rendered":"https:\/\/sectorprensa.com.ar\/?p=73979"},"modified":"2025-07-14T11:53:21","modified_gmt":"2025-07-14T14:53:21","slug":"el-jueves-se-realizara-un-paro-nacional-en-defensa-del-garrahan-y-de-la-salud-publica","status":"publish","type":"post","link":"https:\/\/sectorprensa.com.ar\/?p=73979","title":{"rendered":"El jueves se realizar\u00e1 un paro nacional \u201cen defensa del Garrahan y de la salud p\u00fablica\u201d"},"content":{"rendered":"\n<p><strong>Varios gremios se adhirieron al reclamo del hospital pedi\u00e1trico pero tambi\u00e9n al del Cl\u00ednicas, Bonaparte y Posadas y se unir\u00e1n a esta medida de fuerza.<\/strong><\/p>\n\n\n\n<p>Trabajadores de la salud, familiares de pacientes, diversos gremios y la Asociaci\u00f3n de Trabajadores del Estado (ATE) se sumaron al reclamo del Hospital Garrahan y convocaron a un paro nacional para defender, no s\u00f3lo a la instituci\u00f3n pedi\u00e1trica sino tambi\u00e9n a la salud p\u00fablica argentina y visibilizar el rechazo de recortes presupuestarios y despidos en el Cl\u00ednicas, el Posadas y el Bonaparte.<\/p>\n\n\n\n<p>Este jueves 17, desde las 7 de la ma\u00f1ana el Garrahan comenzar\u00e1 un paro de 24hs., donde s\u00f3lo mantendr\u00e1n el servicio de guardia y la atenci\u00f3n a los pacientes internados; paralelamente, realizar\u00e1n una movilizaci\u00f3n desde el Congreso de la Naci\u00f3n hasta Plaza de Mayo, a partir de las 16hs., donde se sumar\u00e1n los trabajadores de la salud nucleados en ATE.<\/p>\n\n\n\n<p>En la misma l\u00ednea, la agrupaci\u00f3n Salud en Marcha confirm\u00f3 su presencia en la convocatoria y remarc\u00f3 que, adem\u00e1s de hacerlo en defensa del Garrahan y de la salud p\u00fablica, lo har\u00e1n \u201cen apoyo a los residentes\u201d precarizados por las modificaciones en las condiciones salariales y laborales, y \u201cen contra de la motosierra\u201d de la gesti\u00f3n del presidente Javier Milei que representa recortes salariales y presupuestarios.<\/p>\n\n\n\n<p>Asimismo, varias organizaciones pol\u00edticas de izquierda como el Frente de Izquierda de los Trabajadores (FIT) y el Nuevo MAS estar\u00e1n presentes en la Plaza de los dos Congresos, con las postas de Salud que suelen tener en sus marchas.<\/p>\n\n\n\n<p>En declaraciones a Noticias Argentinas la Asociaci\u00f3n de Profesionales y T\u00e9cnicos del Garrahan (ApyT), anunci\u00f3 que, en el marco de las m\u00faltiples recorridas que hacen los grupos de voluntarios del Hospital, visitaron el Astillero R\u00edo Santiago en Ensenada, donde fueron recibidos por delegados y trabajadores, \u201ccon quienes mantuvieron un encuentro rico, fraterno y de compromiso com\u00fan en apoyo a nuestras causas comunes y justas\u201d.<\/p>\n\n\n\n<p>\u201cCrece la convocatoria en defensa de nuestro hospital, la salud p\u00fablica y todas las causas justas\u201d, concluyeron desde APyT.<\/p>\n\n\n\n<figure class=\"wp-block-embed is-type-wp-embed is-provider-sector-prensa wp-block-embed-sector-prensa\"><div class=\"wp-block-embed__wrapper\">\n<blockquote class=\"wp-embedded-content\" data-secret=\"kUq8JNU7LM\"><a href=\"https:\/\/sectorprensa.com.ar\/?p=73961\">\u00abEspero que haya sensatez porque el jubilado se est\u00e1 muriendo de hambre\u00bb<\/a><\/blockquote><iframe loading=\"lazy\" class=\"wp-embedded-content\" sandbox=\"allow-scripts\" security=\"restricted\" style=\"position: absolute; clip: rect(1px, 1px, 1px, 1px);\" title=\"\u00ab\u00abEspero que haya sensatez porque el jubilado se est\u00e1 muriendo de hambre\u00bb\u00bb \u2014 Sector Prensa\" src=\"https:\/\/sectorprensa.com.ar\/?p=73961&#038;embed=true#?secret=O5G08bwKtl#?secret=kUq8JNU7LM\" data-secret=\"kUq8JNU7LM\" width=\"600\" height=\"338\" frameborder=\"0\" marginwidth=\"0\" marginheight=\"0\" scrolling=\"no\"><\/iframe>\n<\/div><\/figure>\n","protected":false},"excerpt":{"rendered":"<p>Varios gremios se adhirieron al reclamo del hospital pedi\u00e1trico pero tambi\u00e9n al del Cl\u00ednicas, Bonaparte y Posadas y se unir\u00e1n<\/p>\n","protected":false},"author":6,"featured_media":73980,"comment_status":"closed","ping_status":"closed","sticky":false,"template":"","format":"standard","meta":{"colormag_page_container_layout":"default_layout","colormag_page_sidebar_layout":"default_layout","footnotes":""},"categories":[17,8],"tags":[],"class_list":["post-73979","post","type-post","status-publish","format-standard","has-post-thumbnail","hentry","category-destacadas","category-politica"],"_links":{"self":[{"href":"https:\/\/sectorprensa.com.ar\/index.php?rest_route=\/wp\/v2\/posts\/73979","targetHints":{"allow":["GET"]}}],"collection":[{"href":"https:\/\/sectorprensa.com.ar\/index.php?rest_route=\/wp\/v2\/posts"}],"about":[{"href":"https:\/\/sectorprensa.com.ar\/index.php?rest_route=\/wp\/v2\/types\/post"}],"author":[{"embeddable":true,"href":"https:\/\/sectorprensa.com.ar\/index.php?rest_route=\/wp\/v2\/users\/6"}],"replies":[{"embeddable":true,"href":"https:\/\/sectorprensa.com.ar\/index.php?rest_route=%2Fwp%2Fv2%2Fcomments&post=73979"}],"version-history":[{"count":1,"href":"https:\/\/sectorprensa.com.ar\/index.php?rest_route=\/wp\/v2\/posts\/73979\/revisions"}],"predecessor-version":[{"id":73981,"href":"https:\/\/sectorprensa.com.ar\/index.php?rest_route=\/wp\/v2\/posts\/73979\/revisions\/73981"}],"wp:featuredmedia":[{"embeddable":true,"href":"https:\/\/sectorprensa.com.ar\/index.php?rest_route=\/wp\/v2\/media\/73980"}],"wp:attachment":[{"href":"https:\/\/sectorprensa.com.ar\/index.php?rest_route=%2Fwp%2Fv2%2Fmedia&parent=73979"}],"wp:term":[{"taxonomy":"category","embeddable":true,"href":"https:\/\/sectorprensa.com.ar\/index.php?rest_route=%2Fwp%2Fv2%2Fcategories&post=73979"},{"taxonomy":"post_tag","embeddable":true,"href":"https:\/\/sectorprensa.com.ar\/index.php?rest_route=%2Fwp%2Fv2%2Ftags&post=73979"}],"curies":[{"name":"wp","href":"https:\/\/api.w.org\/{rel}","templated":true}]}}