{"id":74004,"date":"2025-07-15T09:37:24","date_gmt":"2025-07-15T12:37:24","guid":{"rendered":"https:\/\/sectorprensa.com.ar\/?p=74004"},"modified":"2025-07-15T09:37:25","modified_gmt":"2025-07-15T12:37:25","slug":"kicillof-entrego-equipamiento-informatico-para-hospitales-provinciales-y-municipales","status":"publish","type":"post","link":"https:\/\/sectorprensa.com.ar\/?p=74004","title":{"rendered":"Kicillof entreg\u00f3 equipamiento inform\u00e1tico para hospitales provinciales y municipales"},"content":{"rendered":"\n<p><strong>Fue en el marco del fortalecimiento de la Agenda Digital de Salud bonaerense, que incluye tambi\u00e9n al sistema de telemedicina.<\/strong><\/p>\n\n\n\n<p>El gobernador de la provincia de Buenos Aires, Axel Kicillof, encabez\u00f3 este lunes la entrega de equipamiento inform\u00e1tico para hospitales municipales y provinciales con el objeto de fortalecer el proceso de digitalizaci\u00f3n e integraci\u00f3n de los sistemas de informaci\u00f3n sanitaria. Fue en el Sal\u00f3n Dorado de la Casa de Gobierno, junto a los ministros de Salud, Nicol\u00e1s Kreplak; y de Econom\u00eda, Pablo L\u00f3pez.<\/p>\n\n\n\n<p>En ese marco, Kicillof sostuvo: \u201cEn la Provincia quedan claras cu\u00e1les son las prioridades: mientras el Gobierno nacional se endeuda para promover la especulaci\u00f3n financiera, nosotros utilizamos un cr\u00e9dito del Banco Mundial para mejorar la atenci\u00f3n m\u00e9dica de los 17 millones de bonaerenses\u201d.&nbsp;<\/p>\n\n\n\n<p>La entrega de equipamiento se realiz\u00f3 en el marco del fortalecimiento de la Agenda Digital de Salud en la provincia: incluye computadoras, impresoras y lectoras de DNI destinadas a extender las funcionalidades de la Historia de Salud Integrada y el servicio de atenci\u00f3n virtual con m\u00e1s de 100 profesionales. En esta etapa se otorg\u00f3 equipamiento a los municipios de La Plata, Ituzaing\u00f3 y Roque P\u00e9rez.<\/p>\n\n\n\n<p>\u201cCon una gran inversi\u00f3n estamos transformando los sistemas inform\u00e1ticos de salud en los 135 municipios, donde ya contamos con m\u00e1s de 4 millones de Historias de Salud Integradas y estamos ampliando la cobertura de la telemedicina\u201d, afirm\u00f3 el Gobernador y a\u00f1adi\u00f3: \u201cSabemos que falta mucho por hacer, pero es el Estado el \u00fanico capaz de invertir para garantizar los cuidados y la calidad de atenci\u00f3n que necesitan todos y todas\u201d.<\/p>\n\n\n\n<p>Al respecto, Kreplak subray\u00f3: \u201cEn este marco de fortalecimiento de los sistemas de salud, estamos anunciando tambi\u00e9n que desde la aplicaci\u00f3n `Mi Salud Digital\u00b4 todos los bonaerenses contar\u00e1n con la herramienta de la telemedicina para que puedan atenderse con especialistas sin necesidad de acudir a la guardia: el servicio funcionar\u00e1 de lunes a viernes, por medio de un ChatBot y cada consulta quedar\u00e1 registrada en la historia de salud integrada\u201d.<\/p>\n\n\n\n<p>El equipamiento es adquirido por el Ministerio de Econom\u00eda, a trav\u00e9s del financiamiento del Banco Mundial por US$ 50 millones para la implementaci\u00f3n de la Agenda Digital de Salud bonaerense.<\/p>\n\n\n\n<figure class=\"wp-block-embed is-type-rich is-provider-twitter wp-block-embed-twitter\"><div class=\"wp-block-embed__wrapper\">\n<blockquote class=\"twitter-tweet\" data-width=\"550\" data-dnt=\"true\"><p lang=\"es\" dir=\"ltr\">Entregamos equipamiento inform\u00e1tico para que <a href=\"https:\/\/twitter.com\/hashtag\/LaPlata?src=hash&amp;ref_src=twsrc%5Etfw\">#LaPlata<\/a>, <a href=\"https:\/\/twitter.com\/hashtag\/Ituzaing%C3%B3?src=hash&amp;ref_src=twsrc%5Etfw\">#Ituzaing\u00f3<\/a>\u00a0y <a href=\"https:\/\/twitter.com\/hashtag\/RoqueP%C3%A9rez?src=hash&amp;ref_src=twsrc%5Etfw\">#RoqueP\u00e9rez<\/a>\u00a0fortalezcan el funcionamiento de la Historia de Salud Integrada y la atenci\u00f3n virtual de los bonaerenses.<br><br>Forman parte de los nuevos equipos adquiridos por la PBA con fondos del <a href=\"https:\/\/twitter.com\/BancoMundial?ref_src=twsrc%5Etfw\">@BancoMundial<\/a>\u00a0para 40\u2026 <a href=\"https:\/\/t.co\/doK4TOReTG\">pic.twitter.com\/doK4TOReTG<\/a><\/p>&mdash; Axel Kicillof (@Kicillofok) <a href=\"https:\/\/twitter.com\/Kicillofok\/status\/1944861289920041275?ref_src=twsrc%5Etfw\">July 14, 2025<\/a><\/blockquote><script async src=\"https:\/\/platform.twitter.com\/widgets.js\" charset=\"utf-8\"><\/script>\n<\/div><\/figure>\n\n\n\n<p>\u201cAunque nos quiten los recursos que nos corresponden y no contemos con el acompa\u00f1amiento de un Gobierno nacional que abandona todas sus responsabilidades, en la provincia de Buenos Aires vamos a seguir haciendo todos los esfuerzos que est\u00e9n a nuestro alcance para que los y las bonaerenses tengan m\u00e1s y mejor acceso a la salud p\u00fablica\u201d, concluy\u00f3 Kicillof.<\/p>\n\n\n\n<p>Participaron tambi\u00e9n las subsecretarias de Planificaci\u00f3n Estrat\u00e9gica en Salud, Leticia Ceriani; de Atenci\u00f3n de la Salud y Articulaci\u00f3n Territorial, Alexia Navarro; de Salud Mental, Consumos Problem\u00e1ticos y Violencias en el \u00c1mbito de la Salud, Julieta Calmels; y de T\u00e9cnica, Administrativa y Legal, Pamela Gagliardo; su par de Pol\u00edticas de Cuidados en Salud, Jonatan Konfino; el gerente del Banco Mundial para Argentina, Uruguay y Brasil, An\u00edbal L\u00f3pez; los intendentes de Ituzaing\u00f3, Pablo Descalzo; de La Plata, Julio Alak; y de Roque P\u00e9rez, Maximiliano Sciaini.<\/p>\n\n\n\n<figure class=\"wp-block-embed is-type-wp-embed is-provider-sector-prensa wp-block-embed-sector-prensa\"><div class=\"wp-block-embed__wrapper\">\n<blockquote class=\"wp-embedded-content\" data-secret=\"hbWcidZdWQ\"><a href=\"https:\/\/sectorprensa.com.ar\/?p=73925\">Kicillof: \u201cLos gobernadores y el Senado le pusieron un correctivo democr\u00e1tico a Milei\u201d<\/a><\/blockquote><iframe loading=\"lazy\" class=\"wp-embedded-content\" sandbox=\"allow-scripts\" security=\"restricted\" style=\"position: absolute; clip: rect(1px, 1px, 1px, 1px);\" title=\"\u00abKicillof: \u201cLos gobernadores y el Senado le pusieron un correctivo democr\u00e1tico a Milei\u201d\u00bb \u2014 Sector Prensa\" src=\"https:\/\/sectorprensa.com.ar\/?p=73925&#038;embed=true#?secret=Lfr231bphm#?secret=hbWcidZdWQ\" data-secret=\"hbWcidZdWQ\" width=\"600\" height=\"338\" frameborder=\"0\" marginwidth=\"0\" marginheight=\"0\" scrolling=\"no\"><\/iframe>\n<\/div><\/figure>\n","protected":false},"excerpt":{"rendered":"<p>Fue en el marco del fortalecimiento de la Agenda Digital de Salud bonaerense, que incluye tambi\u00e9n al sistema de telemedicina.<\/p>\n","protected":false},"author":6,"featured_media":74005,"comment_status":"closed","ping_status":"closed","sticky":false,"template":"","format":"standard","meta":{"colormag_page_container_layout":"default_layout","colormag_page_sidebar_layout":"default_layout","footnotes":""},"categories":[17,8,18],"tags":[],"class_list":["post-74004","post","type-post","status-publish","format-standard","has-post-thumbnail","hentry","category-destacadas","category-politica","category-provincia"],"_links":{"self":[{"href":"https:\/\/sectorprensa.com.ar\/index.php?rest_route=\/wp\/v2\/posts\/74004","targetHints":{"allow":["GET"]}}],"collection":[{"href":"https:\/\/sectorprensa.com.ar\/index.php?rest_route=\/wp\/v2\/posts"}],"about":[{"href":"https:\/\/sectorprensa.com.ar\/index.php?rest_route=\/wp\/v2\/types\/post"}],"author":[{"embeddable":true,"href":"https:\/\/sectorprensa.com.ar\/index.php?rest_route=\/wp\/v2\/users\/6"}],"replies":[{"embeddable":true,"href":"https:\/\/sectorprensa.com.ar\/index.php?rest_route=%2Fwp%2Fv2%2Fcomments&post=74004"}],"version-history":[{"count":2,"href":"https:\/\/sectorprensa.com.ar\/index.php?rest_route=\/wp\/v2\/posts\/74004\/revisions"}],"predecessor-version":[{"id":74007,"href":"https:\/\/sectorprensa.com.ar\/index.php?rest_route=\/wp\/v2\/posts\/74004\/revisions\/74007"}],"wp:featuredmedia":[{"embeddable":true,"href":"https:\/\/sectorprensa.com.ar\/index.php?rest_route=\/wp\/v2\/media\/74005"}],"wp:attachment":[{"href":"https:\/\/sectorprensa.com.ar\/index.php?rest_route=%2Fwp%2Fv2%2Fmedia&parent=74004"}],"wp:term":[{"taxonomy":"category","embeddable":true,"href":"https:\/\/sectorprensa.com.ar\/index.php?rest_route=%2Fwp%2Fv2%2Fcategories&post=74004"},{"taxonomy":"post_tag","embeddable":true,"href":"https:\/\/sectorprensa.com.ar\/index.php?rest_route=%2Fwp%2Fv2%2Ftags&post=74004"}],"curies":[{"name":"wp","href":"https:\/\/api.w.org\/{rel}","templated":true}]}}