{"id":74016,"date":"2025-07-16T11:53:12","date_gmt":"2025-07-16T14:53:12","guid":{"rendered":"https:\/\/sectorprensa.com.ar\/?p=74016"},"modified":"2025-07-16T11:53:12","modified_gmt":"2025-07-16T14:53:12","slug":"lucas-ghi-mas-que-nunca-es-milei-o-salud","status":"publish","type":"post","link":"https:\/\/sectorprensa.com.ar\/?p=74016","title":{"rendered":"Lucas Ghi: \u201cm\u00e1s que nunca es Milei o Salud\u201d"},"content":{"rendered":"\n<p><strong>El intendente de Mor\u00f3n particip\u00f3 de un nuevo plenario de la Comisi\u00f3n de Salud del Movimiento Derecho al Futuro.<\/strong><\/p>\n\n\n\n<p>Se realiz\u00f3 el 4to Plenario de la Comisi\u00f3n de Salud organizado por el Movimiento Derecho al Futuro. El mismo fue llevado adelante por el Dr. Daniel Goll\u00e1n y el Dr. Jacobo Netel en la sede de ATSA ubicada en Mor\u00f3n.<\/p>\n\n\n\n<p>Luego el encuentro con los trabajadores de la Salud, Lucas Ghi manifest\u00f3: \u201cFue un gran encuentro junto a trabajadores y trabajadoras de la salud, profesionales, equipos de salud, compa\u00f1eros, vecinos y vecinas donde debatimos qu\u00e9 salud queremos construir para nuestro pueblo\u201d.<\/p>\n\n\n\n<p>De manera contundente, el Jefe Comunal se\u00f1al\u00f3 sobre el gobernador de la Provincia de Buenos Aires y conductor del MDF a nivel nacional y provincial: \u201cCon Axel la transformaci\u00f3n de la salud y la organizaci\u00f3n no paran. M\u00e1s que nunca es Milei o Salud\u201d, cerr\u00f3.<\/p>\n\n\n\n<figure class=\"wp-block-embed is-type-wp-embed is-provider-sector-prensa wp-block-embed-sector-prensa\"><div class=\"wp-block-embed__wrapper\">\n<blockquote class=\"wp-embedded-content\" data-secret=\"6NtJlQ57lx\"><a href=\"https:\/\/sectorprensa.com.ar\/?p=73881\">Masivo apoyo de los sindicatos a Lucas Ghi en Mor\u00f3n<\/a><\/blockquote><iframe loading=\"lazy\" class=\"wp-embedded-content\" sandbox=\"allow-scripts\" security=\"restricted\" style=\"position: absolute; clip: rect(1px, 1px, 1px, 1px);\" title=\"\u00abMasivo apoyo de los sindicatos a Lucas Ghi en Mor\u00f3n\u00bb \u2014 Sector Prensa\" src=\"https:\/\/sectorprensa.com.ar\/?p=73881&#038;embed=true#?secret=usM6eqoEK9#?secret=6NtJlQ57lx\" data-secret=\"6NtJlQ57lx\" width=\"600\" height=\"338\" frameborder=\"0\" marginwidth=\"0\" marginheight=\"0\" scrolling=\"no\"><\/iframe>\n<\/div><\/figure>\n","protected":false},"excerpt":{"rendered":"<p>El intendente de Mor\u00f3n particip\u00f3 de un nuevo plenario de la Comisi\u00f3n de Salud del Movimiento Derecho al Futuro. Se<\/p>\n","protected":false},"author":6,"featured_media":74017,"comment_status":"closed","ping_status":"closed","sticky":false,"template":"","format":"standard","meta":{"colormag_page_container_layout":"default_layout","colormag_page_sidebar_layout":"default_layout","footnotes":""},"categories":[6828,5,8],"tags":[],"class_list":["post-74016","post","type-post","status-publish","format-standard","has-post-thumbnail","hentry","category-mas-destacadas","category-moron","category-politica"],"_links":{"self":[{"href":"https:\/\/sectorprensa.com.ar\/index.php?rest_route=\/wp\/v2\/posts\/74016","targetHints":{"allow":["GET"]}}],"collection":[{"href":"https:\/\/sectorprensa.com.ar\/index.php?rest_route=\/wp\/v2\/posts"}],"about":[{"href":"https:\/\/sectorprensa.com.ar\/index.php?rest_route=\/wp\/v2\/types\/post"}],"author":[{"embeddable":true,"href":"https:\/\/sectorprensa.com.ar\/index.php?rest_route=\/wp\/v2\/users\/6"}],"replies":[{"embeddable":true,"href":"https:\/\/sectorprensa.com.ar\/index.php?rest_route=%2Fwp%2Fv2%2Fcomments&post=74016"}],"version-history":[{"count":1,"href":"https:\/\/sectorprensa.com.ar\/index.php?rest_route=\/wp\/v2\/posts\/74016\/revisions"}],"predecessor-version":[{"id":74018,"href":"https:\/\/sectorprensa.com.ar\/index.php?rest_route=\/wp\/v2\/posts\/74016\/revisions\/74018"}],"wp:featuredmedia":[{"embeddable":true,"href":"https:\/\/sectorprensa.com.ar\/index.php?rest_route=\/wp\/v2\/media\/74017"}],"wp:attachment":[{"href":"https:\/\/sectorprensa.com.ar\/index.php?rest_route=%2Fwp%2Fv2%2Fmedia&parent=74016"}],"wp:term":[{"taxonomy":"category","embeddable":true,"href":"https:\/\/sectorprensa.com.ar\/index.php?rest_route=%2Fwp%2Fv2%2Fcategories&post=74016"},{"taxonomy":"post_tag","embeddable":true,"href":"https:\/\/sectorprensa.com.ar\/index.php?rest_route=%2Fwp%2Fv2%2Ftags&post=74016"}],"curies":[{"name":"wp","href":"https:\/\/api.w.org\/{rel}","templated":true}]}}