{"id":74024,"date":"2025-07-16T11:53:20","date_gmt":"2025-07-16T14:53:20","guid":{"rendered":"https:\/\/sectorprensa.com.ar\/?p=74024"},"modified":"2025-07-16T12:20:11","modified_gmt":"2025-07-16T15:20:11","slug":"la-unica-manera-de-enfrentar-esta-politica-es-tambien-con-organizacion-politica","status":"publish","type":"post","link":"https:\/\/sectorprensa.com.ar\/?p=74024","title":{"rendered":"\u00abLa \u00fanica manera de enfrentar esta pol\u00edtica es tambi\u00e9n con organizaci\u00f3n pol\u00edtica\u00bb"},"content":{"rendered":"\n<h6 class=\"wp-block-heading\"><strong>Cristina Fern\u00e1ndez envi\u00f3 un mensaje desde su domicilio a los adultos mayores del Partido Justicialista. La ex Presidenta dijo que el sector es \u00abuna variable de ajuste\u00bb y remarc\u00f3 la p\u00e9rdida del poder adquisitivo.<\/strong><\/h6>\n\n\n\n<p>Desde su domicilio en Constituci\u00f3n, donde cumple con su condena por la causa Vialidad, Cristina Fern\u00e1ndez de Kirchner envi\u00f3 un audio a los jubilados que se reunieron en la sede del PJ. El mismo fue transmitido por Fernanda Raverta, Secretaria de Adultos Mayores del espacio, y ped\u00eda \u00aborganizaci\u00f3n pol\u00edtica\u00bb para enfrentar al gobierno de Javier Milei.<\/p>\n\n\n\n<p>\u00abEl sector de los jubilados, la tercera edad, est\u00e1 siendo una de las variables de ajuste del gobierno en este plan de tanta crueldad\u00bb, advirti\u00f3 la ex mandataria.<\/p>\n\n\n\n<p>Fern\u00e1ndez de Kirchner aclar\u00f3 que no solo se refer\u00eda a los montos que perciben los jubilados y pensionados, sino tambi\u00e9n a \u00ablos medicamentos de PAMI que ya no llegan y la p\u00e9rdida del poder adquisitivo\u00bb.<\/p>\n\n\n\n<p>En referencia a como enfrentar estas medidas, la ex jefa de Estado remarc\u00f3: \u00abLa \u00fanica manera de poder enfrentar esta pol\u00edtica tan cruel con las dos puntas de la vida, con los ni\u00f1os y con los que ya vivieron la vida, debe ser enfrentada tambi\u00e9n con organizaci\u00f3n pol\u00edtica y con amor\u00bb.<\/p>\n\n\n\n<figure class=\"wp-block-embed is-type-wp-embed is-provider-sector-prensa wp-block-embed-sector-prensa\"><div class=\"wp-block-embed__wrapper\">\n<blockquote class=\"wp-embedded-content\" data-secret=\"kole9ZmkR0\"><a href=\"https:\/\/sectorprensa.com.ar\/?p=74013\">\u00abEsto no lo iban a hacer ni las fuerzas del cielo ni el mercado\u00bb<\/a><\/blockquote><iframe loading=\"lazy\" class=\"wp-embedded-content\" sandbox=\"allow-scripts\" security=\"restricted\" style=\"position: absolute; clip: rect(1px, 1px, 1px, 1px);\" title=\"\u00ab\u00abEsto no lo iban a hacer ni las fuerzas del cielo ni el mercado\u00bb\u00bb \u2014 Sector Prensa\" src=\"https:\/\/sectorprensa.com.ar\/?p=74013&#038;embed=true#?secret=EFjVZAWB7M#?secret=kole9ZmkR0\" data-secret=\"kole9ZmkR0\" width=\"600\" height=\"338\" frameborder=\"0\" marginwidth=\"0\" marginheight=\"0\" scrolling=\"no\"><\/iframe>\n<\/div><\/figure>\n","protected":false},"excerpt":{"rendered":"<p>Cristina Fern\u00e1ndez envi\u00f3 un mensaje desde su domicilio a los adultos mayores del Partido Justicialista. La ex Presidenta dijo que<\/p>\n","protected":false},"author":5,"featured_media":74025,"comment_status":"closed","ping_status":"closed","sticky":false,"template":"","format":"standard","meta":{"colormag_page_container_layout":"default_layout","colormag_page_sidebar_layout":"default_layout","footnotes":""},"categories":[17,8],"tags":[6851,214],"class_list":["post-74024","post","type-post","status-publish","format-standard","has-post-thumbnail","hentry","category-destacadas","category-politica","tag-cristina-fernandez-de-kirchner-2","tag-jubilados"],"_links":{"self":[{"href":"https:\/\/sectorprensa.com.ar\/index.php?rest_route=\/wp\/v2\/posts\/74024","targetHints":{"allow":["GET"]}}],"collection":[{"href":"https:\/\/sectorprensa.com.ar\/index.php?rest_route=\/wp\/v2\/posts"}],"about":[{"href":"https:\/\/sectorprensa.com.ar\/index.php?rest_route=\/wp\/v2\/types\/post"}],"author":[{"embeddable":true,"href":"https:\/\/sectorprensa.com.ar\/index.php?rest_route=\/wp\/v2\/users\/5"}],"replies":[{"embeddable":true,"href":"https:\/\/sectorprensa.com.ar\/index.php?rest_route=%2Fwp%2Fv2%2Fcomments&post=74024"}],"version-history":[{"count":2,"href":"https:\/\/sectorprensa.com.ar\/index.php?rest_route=\/wp\/v2\/posts\/74024\/revisions"}],"predecessor-version":[{"id":74035,"href":"https:\/\/sectorprensa.com.ar\/index.php?rest_route=\/wp\/v2\/posts\/74024\/revisions\/74035"}],"wp:featuredmedia":[{"embeddable":true,"href":"https:\/\/sectorprensa.com.ar\/index.php?rest_route=\/wp\/v2\/media\/74025"}],"wp:attachment":[{"href":"https:\/\/sectorprensa.com.ar\/index.php?rest_route=%2Fwp%2Fv2%2Fmedia&parent=74024"}],"wp:term":[{"taxonomy":"category","embeddable":true,"href":"https:\/\/sectorprensa.com.ar\/index.php?rest_route=%2Fwp%2Fv2%2Fcategories&post=74024"},{"taxonomy":"post_tag","embeddable":true,"href":"https:\/\/sectorprensa.com.ar\/index.php?rest_route=%2Fwp%2Fv2%2Ftags&post=74024"}],"curies":[{"name":"wp","href":"https:\/\/api.w.org\/{rel}","templated":true}]}}