{"id":74032,"date":"2025-07-16T12:15:07","date_gmt":"2025-07-16T15:15:07","guid":{"rendered":"https:\/\/sectorprensa.com.ar\/?p=74032"},"modified":"2025-07-16T12:15:18","modified_gmt":"2025-07-16T15:15:18","slug":"en-junio-los-alquileres-aumentaron-mas-que-la-inflacion","status":"publish","type":"post","link":"https:\/\/sectorprensa.com.ar\/?p=74032","title":{"rendered":"En junio, los alquileres aumentaron m\u00e1s que la inflaci\u00f3n"},"content":{"rendered":"\n<p><strong>Subieron un 4,5% cuando el costo de vida fue del 1,6%.<\/strong><\/p>\n\n\n\n<p>En di\u00e1logo con Radio Provincia, Gervasio Mu\u00f1oz, titular de Inquilinos Agrupados, record\u00f3 que \u201clo primero que comunic\u00f3 el gobierno de Milei fue la derogaci\u00f3n de la ley de alquileres y por eso lo felicit\u00f3 el FMI\u201d.<\/p>\n\n\n\n<p>Agreg\u00f3 que \u201clos grupos econ\u00f3micos y la derecha ten\u00edan muy en claro que hab\u00eda que terminar con la regulaci\u00f3n de los alquileres\u201d.<\/p>\n\n\n\n<p>Adem\u00e1s, manifest\u00f3 que \u201ctodos tenemos a alguien que alquila, es un tema permanente de charla. Es dram\u00e1tico alquilar porque no es una pol\u00edtica de Estado. Nadie habla del problema de la vivienda, ning\u00fan dirigente y menos a\u00fan un sindicalista. Ese es el gran triunfo de la dictadura\u201d.<\/p>\n\n\n\n<p>\u201cMe sigue sorprendiendo -continu\u00f3- que la salud y la educaci\u00f3n no est\u00e9n en discusi\u00f3n, porque son derechos, pero la vivienda parece que no, nadie se moviliza por esto. Hay muchos legisladores que tienen varias propiedades en alquiler y otros que tienen constructoras\u201d.<\/p>\n\n\n\n<p>En ese marco confirm\u00f3 que \u201clos alquileres est\u00e1n aumentando por encima de la inflaci\u00f3n. En junio subieron 4,5% con una inflaci\u00f3n de 1,6% y el mes pasado la inflaci\u00f3n fue del 1,5% y los alquileres aumentaron 7,2%. Un 140 %, tomando los \u00faltimos 12 meses, cuando la inflaci\u00f3n fue del 40%\u201d.<\/p>\n\n\n\n<p>Respecto del tema de la vivienda ociosa Mu\u00f1oz consider\u00f3 que \u201cno camina porque no hay ning\u00fan sector que est\u00e9 de acuerdo con eso. Presentamos un proyecto en la Legislatura porte\u00f1a y nadie hizo nada\u201d, advirti\u00f3.<\/p>\n\n\n\n<figure class=\"wp-block-embed is-type-wp-embed is-provider-sector-prensa wp-block-embed-sector-prensa\"><div class=\"wp-block-embed__wrapper\">\n<blockquote class=\"wp-embedded-content\" data-secret=\"Zip8vfxKa9\"><a href=\"https:\/\/sectorprensa.com.ar\/?p=73990\">Canasta b\u00e1sica: una familia necesit\u00f3 $1.128.398 en junio para no ser pobre<\/a><\/blockquote><iframe loading=\"lazy\" class=\"wp-embedded-content\" sandbox=\"allow-scripts\" security=\"restricted\" style=\"position: absolute; clip: rect(1px, 1px, 1px, 1px);\" title=\"\u00abCanasta b\u00e1sica: una familia necesit\u00f3 $1.128.398 en junio para no ser pobre\u00bb \u2014 Sector Prensa\" src=\"https:\/\/sectorprensa.com.ar\/?p=73990&#038;embed=true#?secret=mRnXFbnjcT#?secret=Zip8vfxKa9\" data-secret=\"Zip8vfxKa9\" width=\"600\" height=\"338\" frameborder=\"0\" marginwidth=\"0\" marginheight=\"0\" scrolling=\"no\"><\/iframe>\n<\/div><\/figure>\n","protected":false},"excerpt":{"rendered":"<p>Subieron un 4,5% cuando el costo de vida fue del 1,6%. En di\u00e1logo con Radio Provincia, Gervasio Mu\u00f1oz, titular de<\/p>\n","protected":false},"author":6,"featured_media":74033,"comment_status":"closed","ping_status":"closed","sticky":false,"template":"","format":"standard","meta":{"colormag_page_container_layout":"default_layout","colormag_page_sidebar_layout":"default_layout","footnotes":""},"categories":[17,10],"tags":[],"class_list":["post-74032","post","type-post","status-publish","format-standard","has-post-thumbnail","hentry","category-destacadas","category-sociedad"],"_links":{"self":[{"href":"https:\/\/sectorprensa.com.ar\/index.php?rest_route=\/wp\/v2\/posts\/74032","targetHints":{"allow":["GET"]}}],"collection":[{"href":"https:\/\/sectorprensa.com.ar\/index.php?rest_route=\/wp\/v2\/posts"}],"about":[{"href":"https:\/\/sectorprensa.com.ar\/index.php?rest_route=\/wp\/v2\/types\/post"}],"author":[{"embeddable":true,"href":"https:\/\/sectorprensa.com.ar\/index.php?rest_route=\/wp\/v2\/users\/6"}],"replies":[{"embeddable":true,"href":"https:\/\/sectorprensa.com.ar\/index.php?rest_route=%2Fwp%2Fv2%2Fcomments&post=74032"}],"version-history":[{"count":1,"href":"https:\/\/sectorprensa.com.ar\/index.php?rest_route=\/wp\/v2\/posts\/74032\/revisions"}],"predecessor-version":[{"id":74034,"href":"https:\/\/sectorprensa.com.ar\/index.php?rest_route=\/wp\/v2\/posts\/74032\/revisions\/74034"}],"wp:featuredmedia":[{"embeddable":true,"href":"https:\/\/sectorprensa.com.ar\/index.php?rest_route=\/wp\/v2\/media\/74033"}],"wp:attachment":[{"href":"https:\/\/sectorprensa.com.ar\/index.php?rest_route=%2Fwp%2Fv2%2Fmedia&parent=74032"}],"wp:term":[{"taxonomy":"category","embeddable":true,"href":"https:\/\/sectorprensa.com.ar\/index.php?rest_route=%2Fwp%2Fv2%2Fcategories&post=74032"},{"taxonomy":"post_tag","embeddable":true,"href":"https:\/\/sectorprensa.com.ar\/index.php?rest_route=%2Fwp%2Fv2%2Ftags&post=74032"}],"curies":[{"name":"wp","href":"https:\/\/api.w.org\/{rel}","templated":true}]}}