{"id":74036,"date":"2025-07-16T21:10:34","date_gmt":"2025-07-17T00:10:34","guid":{"rendered":"https:\/\/sectorprensa.com.ar\/?p=74036"},"modified":"2025-07-16T21:10:35","modified_gmt":"2025-07-17T00:10:35","slug":"vemos-que-comenzo-la-operacion-kueider","status":"publish","type":"post","link":"https:\/\/sectorprensa.com.ar\/?p=74036","title":{"rendered":"\u00abVemos que comenz\u00f3 la operaci\u00f3n Kueider\u00bb"},"content":{"rendered":"\n<h6 class=\"wp-block-heading\"><strong>Florencia L\u00f3pez, Senadora riojana de Uni\u00f3n por la Patria, afirm\u00f3 que el oficialismo comenz\u00f3 a \u00abextorsionar\u00bb a los legisladores para no insistir con el aumento a jubilados y la ley de Emergencia en Discapacidad.<\/strong><\/h6>\n\n\n\n<p>A pesar de que la C\u00e1mara de Senadores aprob\u00f3 la ley de Emergencia en Discapacidad y los proyectos previsionales, el Presidente Javier Milei anunci\u00f3 que las normativas ser\u00e1n vetadas por afectar el super\u00e1vit fiscal. Sin embargo, desde la oposici\u00f3n contar\u00edan con los votos para impedirlo y aseguraron que van a \u00abresistir\u00bb desde sus bancas. Esas fueron las palabras de Florencia L\u00f3pez, Senadora de Uni\u00f3n por la Patria, quien revel\u00f3 que La Libertad Avanza \u00abcomenz\u00f3 la operaci\u00f3n Kueider\u00bb para \u00abapretar, extorsionar y comprar a los representantes del pueblo\u00bb. Por otra parte, se\u00f1al\u00f3 que \u00abeste paquete de leyes afecta el 0,5% del PBI\u00bb. Por otra parte, habl\u00f3 sobre la organizaci\u00f3n del peronismo y la condenada a Cristina Fern\u00e1ndez de Kirchner.<\/p>\n\n\n\n<p>\u00abEstamos cansados de escuchar cuestiones que no tienen nada que ver, opiniones realmente absurdas. La desesperaci\u00f3n del gobierno nacional, que su plan econ\u00f3mica se hace agua, y busca responsables. Ahora el culpable de todos los males que tienen es el Senado, es el que le va a romper su tan espectacular super\u00e1vit fiscal, son dos leyes que no afectan ni el 0,5% del PBI. Lo que buscan, es alguien con quien confrontar para seguir entreteniendo a la ciudadan\u00eda mientras hace agua toda esta situaci\u00f3n\u00bb, dijo en declaraciones a \u00abEl Tanke de B\u00fanker\u00bb, programa de Radio B\u00fanker 94.9.<\/p>\n\n\n\n<p>Con respecto al aviso de Milei, anunci\u00f3 que vetar\u00e1 ambas leyes, afirm\u00f3: \u00abVamos a resistir desde nuestras bancas. Tenemos 56 votos a favor, por lo tanto, tenemos los dos tercios para insistir con una ley vetada\u00bb. <\/p>\n\n\n\n<p>En la misma l\u00ednea, L\u00f3pez revel\u00f3: \u00abPero si tambi\u00e9n, vemos que comenz\u00f3 la operaci\u00f3n Kueider, es la extorsionar, apretar y comprar a los representantes del pueblo. Estaremos atentos para que eso no suceda\u00bb.<\/p>\n\n\n\n<p>\u00abLo que pas\u00f3 en la sesi\u00f3n fue vergonzoso. La Ministra Bullrich apretando v\u00eda Twitter a la Vicepresidenta, es algo in\u00e9dito y nosotros como argentinos no debemos normalizarlo. Imaginen lo que es una Ministra a cargo de las seguridad del Estado Nacional, que tiene todas las fuerzas de seguridad, inteligencia y militares, apretando a p\u00fablicamente a la n\u00famero dos del Estado Argentino. Segundo, vimos al Presidente de la bancada oficialista, que si bien es cierto que no se sentaba en su banca, se quedaba ah\u00ed para apretar a los Senadores. Aparte de eso, vimos algunas comunicaciones de Francos, que se quiere juntar con los Gobernadores. El \u00fanico objetivo es quebrar la voluntad de los Diputados y Senadores\u00bb, agreg\u00f3.<\/p>\n\n\n\n<p>Luego, la legisladora sostuvo que \u00abeste paquete de leyes no le hace ning\u00fan impacto al gobierno. Y si alg\u00fan impacto le hace, que ser\u00eda m\u00ednimo, confirma que este super\u00e1vit fiscal est\u00e1 hecho con la plata de los jubilados, discapacitados y provincias\u00bb.<\/p>\n\n\n\n<p>La organizaci\u00f3n del peronismo: \u00abNosotros queremos que la gente no le d\u00e9 m\u00e1s poder a un Presidente, un gobierno con un equipo econ\u00f3mico que est\u00e1 haciendo sufrir a la gente. Ese es el mensaje prioritario del peronismo\u00bb, resalt\u00f3.<\/p>\n\n\n\n<p>La condena a Cristina Fern\u00e1ndez de Kirchner: \u00abEsto forma parte tambi\u00e9n de todo este r\u00e9gimen, tienen a Milei como Presidente y los medios de comunicaci\u00f3n adeptos a ellos, y tienen a una justicia pirata. Porque en lugar de tener una venda para no ver a qui\u00e9n juzga, tiene un parche para que cuando esos dirigentes pol\u00edticos sean l\u00edderes populares, le caigan con todo con una causa injusta. Condenaron a una ex Presidenta sin ninguna prueba, solamente quieren acallar la oposici\u00f3n\u00bb, opin\u00f3 para cerrar.<\/p>\n\n\n\n<figure class=\"wp-block-embed is-type-wp-embed is-provider-sector-prensa wp-block-embed-sector-prensa\"><div class=\"wp-block-embed__wrapper\">\n<blockquote class=\"wp-embedded-content\" data-secret=\"g6A3QsRQT5\"><a href=\"https:\/\/sectorprensa.com.ar\/?p=74024\">\u00abLa \u00fanica manera de enfrentar esta pol\u00edtica es tambi\u00e9n con organizaci\u00f3n pol\u00edtica\u00bb<\/a><\/blockquote><iframe loading=\"lazy\" class=\"wp-embedded-content\" sandbox=\"allow-scripts\" security=\"restricted\" style=\"position: absolute; clip: rect(1px, 1px, 1px, 1px);\" title=\"\u00ab\u00abLa \u00fanica manera de enfrentar esta pol\u00edtica es tambi\u00e9n con organizaci\u00f3n pol\u00edtica\u00bb\u00bb \u2014 Sector Prensa\" src=\"https:\/\/sectorprensa.com.ar\/?p=74024&#038;embed=true#?secret=rSMQucEGNI#?secret=g6A3QsRQT5\" data-secret=\"g6A3QsRQT5\" width=\"600\" height=\"338\" frameborder=\"0\" marginwidth=\"0\" marginheight=\"0\" scrolling=\"no\"><\/iframe>\n<\/div><\/figure>\n","protected":false},"excerpt":{"rendered":"<p>Florencia L\u00f3pez, Senadora riojana de Uni\u00f3n por la Patria, afirm\u00f3 que el oficialismo comenz\u00f3 a \u00abextorsionar\u00bb a los legisladores para<\/p>\n","protected":false},"author":5,"featured_media":74037,"comment_status":"closed","ping_status":"closed","sticky":false,"template":"","format":"standard","meta":{"colormag_page_container_layout":"default_layout","colormag_page_sidebar_layout":"default_layout","footnotes":""},"categories":[17,8],"tags":[9040,802,7040,214,7831],"class_list":["post-74036","post","type-post","status-publish","format-standard","has-post-thumbnail","hentry","category-destacadas","category-politica","tag-camara-de-senadores","tag-discapacidad","tag-florencia-lopez","tag-jubilados","tag-union-por-la-patria"],"_links":{"self":[{"href":"https:\/\/sectorprensa.com.ar\/index.php?rest_route=\/wp\/v2\/posts\/74036","targetHints":{"allow":["GET"]}}],"collection":[{"href":"https:\/\/sectorprensa.com.ar\/index.php?rest_route=\/wp\/v2\/posts"}],"about":[{"href":"https:\/\/sectorprensa.com.ar\/index.php?rest_route=\/wp\/v2\/types\/post"}],"author":[{"embeddable":true,"href":"https:\/\/sectorprensa.com.ar\/index.php?rest_route=\/wp\/v2\/users\/5"}],"replies":[{"embeddable":true,"href":"https:\/\/sectorprensa.com.ar\/index.php?rest_route=%2Fwp%2Fv2%2Fcomments&post=74036"}],"version-history":[{"count":1,"href":"https:\/\/sectorprensa.com.ar\/index.php?rest_route=\/wp\/v2\/posts\/74036\/revisions"}],"predecessor-version":[{"id":74051,"href":"https:\/\/sectorprensa.com.ar\/index.php?rest_route=\/wp\/v2\/posts\/74036\/revisions\/74051"}],"wp:featuredmedia":[{"embeddable":true,"href":"https:\/\/sectorprensa.com.ar\/index.php?rest_route=\/wp\/v2\/media\/74037"}],"wp:attachment":[{"href":"https:\/\/sectorprensa.com.ar\/index.php?rest_route=%2Fwp%2Fv2%2Fmedia&parent=74036"}],"wp:term":[{"taxonomy":"category","embeddable":true,"href":"https:\/\/sectorprensa.com.ar\/index.php?rest_route=%2Fwp%2Fv2%2Fcategories&post=74036"},{"taxonomy":"post_tag","embeddable":true,"href":"https:\/\/sectorprensa.com.ar\/index.php?rest_route=%2Fwp%2Fv2%2Ftags&post=74036"}],"curies":[{"name":"wp","href":"https:\/\/api.w.org\/{rel}","templated":true}]}}