{"id":74044,"date":"2025-07-17T09:07:39","date_gmt":"2025-07-17T12:07:39","guid":{"rendered":"https:\/\/sectorprensa.com.ar\/?p=74044"},"modified":"2025-07-17T09:07:40","modified_gmt":"2025-07-17T12:07:40","slug":"lucas-ghi-de-cara-a-septiembre-los-intendentes-van-a-tener-un-protagonismo-gravitante","status":"publish","type":"post","link":"https:\/\/sectorprensa.com.ar\/?p=74044","title":{"rendered":"Lucas Ghi, de cara a septiembre: \u201cLos intendentes van a tener un protagonismo gravitante\u201d"},"content":{"rendered":"\n<p><strong>El jefe comunal de Mor\u00f3n y referente del Movimiento Derecho al Futuro anticip\u00f3 que los intendentes jugar\u00e1n un rol decisivo en la conformaci\u00f3n de las candidaturas locales y seccionales para las elecciones del 7 de septiembre. Adem\u00e1s, destac\u00f3 la necesidad de construir una propuesta \u00fanica y competitiva frente al oficialismo nacional.<\/strong><\/p>\n\n\n\n<p>De cara a las elecciones distritales y provinciales del pr\u00f3ximo 7 de septiembre, el intendente de Mor\u00f3n y titular del Movimiento Derecho al Futuro (MDF), Lucas Ghi, expres\u00f3 en di\u00e1logo con Futurock que los intendentes tendr\u00e1n un \u201cprotagonismo gravitante\u201d en la conformaci\u00f3n de las listas de concejales y candidatos seccionales.<\/p>\n\n\n\n<p>Consultado sobre la posibilidad de que algunos jefes comunales encabecen las n\u00f3minas en las ocho secciones electorales, Ghi respondi\u00f3: \u201cS\u00ed, es posible, est\u00e1 todo abierto; entre las opciones se barajan esas alternativas en todas las secciones\u201d. En ese marco, subray\u00f3 que \u201cel intendente va a tener una gravitaci\u00f3n muy fuerte a nivel local\u201d, tanto en la selecci\u00f3n de representantes locales como seccionales.<\/p>\n\n\n\n<p>A partir del acuerdo sellado el 9 de julio con el frente \u201cFuerza Patria\u201d, Ghi sostuvo que el objetivo estrat\u00e9gico es \u201cconfluir en una sola propuesta electoral y pensar en candidatos lo m\u00e1s competitivos posibles\u201d. Dijo adem\u00e1s que en los distritos gobernados por el MDF, la responsabilidad de armonizar expectativas recae directamente en cada intendente.<\/p>\n\n\n\n<p>\u201cEl s\u00e1bado 19 vence el plazo y ah\u00ed tendremos que presentar a nuestros mejores candidatos de cara al desaf\u00edo que es vencer a Milei tanto en septiembre como en octubre\u201d, puntualiz\u00f3 el intendente, marcando el calendario electoral como parte de una estrategia para consolidar una alternativa al gobierno nacional.<\/p>\n\n\n\n<p>Tambi\u00e9n explic\u00f3 que, por el dise\u00f1o de la boleta, las elecciones se dividir\u00e1n en dos fechas: el 7 de septiembre se elegir\u00e1n representantes locales y provinciales, mientras que el 26 de octubre se votar\u00e1n legisladores nacionales por la provincia de Buenos Aires. \u201cUna forma de entrar a la boleta para los vecinos ser\u00e1 de abajo para arriba\u201d, se\u00f1al\u00f3 Ghi, dando a entender que los concejales que acompa\u00f1en la gesti\u00f3n municipal tendr\u00e1n un papel clave.<\/p>\n\n\n\n<p>Sobre el armado de listas, insisti\u00f3 en la necesidad de construir una \u201cs\u00edntesis\u201d que incluya a todos los sectores: \u201cNo es f\u00e1cil, no suelen ser caminos lineales, pero procuremos hacer una cosa lo m\u00e1s cuidada posible\u201d. Para cerrar, remarc\u00f3 que el objetivo del peronismo es funcionar como \u201cinstrumento para interpretar y canalizar la disconformidad que la gente tiene con el gobierno de Milei\u201d.<\/p>\n\n\n\n<figure class=\"wp-block-embed is-type-wp-embed is-provider-sector-prensa wp-block-embed-sector-prensa\"><div class=\"wp-block-embed__wrapper\">\n<blockquote class=\"wp-embedded-content\" data-secret=\"kkCZ2m0kod\"><a href=\"https:\/\/sectorprensa.com.ar\/?p=74016\">Lucas Ghi: \u201cm\u00e1s que nunca es Milei o Salud\u201d<\/a><\/blockquote><iframe loading=\"lazy\" class=\"wp-embedded-content\" sandbox=\"allow-scripts\" security=\"restricted\" style=\"position: absolute; clip: rect(1px, 1px, 1px, 1px);\" title=\"\u00abLucas Ghi: \u201cm\u00e1s que nunca es Milei o Salud\u201d\u00bb \u2014 Sector Prensa\" src=\"https:\/\/sectorprensa.com.ar\/?p=74016&#038;embed=true#?secret=Y44Sldr7V0#?secret=kkCZ2m0kod\" data-secret=\"kkCZ2m0kod\" width=\"600\" height=\"338\" frameborder=\"0\" marginwidth=\"0\" marginheight=\"0\" scrolling=\"no\"><\/iframe>\n<\/div><\/figure>\n","protected":false},"excerpt":{"rendered":"<p>El jefe comunal de Mor\u00f3n y referente del Movimiento Derecho al Futuro anticip\u00f3 que los intendentes jugar\u00e1n un rol decisivo<\/p>\n","protected":false},"author":6,"featured_media":74045,"comment_status":"closed","ping_status":"closed","sticky":false,"template":"","format":"standard","meta":{"colormag_page_container_layout":"default_layout","colormag_page_sidebar_layout":"default_layout","footnotes":""},"categories":[6828,5,8],"tags":[],"class_list":["post-74044","post","type-post","status-publish","format-standard","has-post-thumbnail","hentry","category-mas-destacadas","category-moron","category-politica"],"_links":{"self":[{"href":"https:\/\/sectorprensa.com.ar\/index.php?rest_route=\/wp\/v2\/posts\/74044","targetHints":{"allow":["GET"]}}],"collection":[{"href":"https:\/\/sectorprensa.com.ar\/index.php?rest_route=\/wp\/v2\/posts"}],"about":[{"href":"https:\/\/sectorprensa.com.ar\/index.php?rest_route=\/wp\/v2\/types\/post"}],"author":[{"embeddable":true,"href":"https:\/\/sectorprensa.com.ar\/index.php?rest_route=\/wp\/v2\/users\/6"}],"replies":[{"embeddable":true,"href":"https:\/\/sectorprensa.com.ar\/index.php?rest_route=%2Fwp%2Fv2%2Fcomments&post=74044"}],"version-history":[{"count":1,"href":"https:\/\/sectorprensa.com.ar\/index.php?rest_route=\/wp\/v2\/posts\/74044\/revisions"}],"predecessor-version":[{"id":74046,"href":"https:\/\/sectorprensa.com.ar\/index.php?rest_route=\/wp\/v2\/posts\/74044\/revisions\/74046"}],"wp:featuredmedia":[{"embeddable":true,"href":"https:\/\/sectorprensa.com.ar\/index.php?rest_route=\/wp\/v2\/media\/74045"}],"wp:attachment":[{"href":"https:\/\/sectorprensa.com.ar\/index.php?rest_route=%2Fwp%2Fv2%2Fmedia&parent=74044"}],"wp:term":[{"taxonomy":"category","embeddable":true,"href":"https:\/\/sectorprensa.com.ar\/index.php?rest_route=%2Fwp%2Fv2%2Fcategories&post=74044"},{"taxonomy":"post_tag","embeddable":true,"href":"https:\/\/sectorprensa.com.ar\/index.php?rest_route=%2Fwp%2Fv2%2Ftags&post=74044"}],"curies":[{"name":"wp","href":"https:\/\/api.w.org\/{rel}","templated":true}]}}