{"id":74120,"date":"2025-07-19T23:33:48","date_gmt":"2025-07-20T02:33:48","guid":{"rendered":"https:\/\/sectorprensa.com.ar\/?p=74120"},"modified":"2025-07-19T23:33:49","modified_gmt":"2025-07-20T02:33:49","slug":"deportivo-moron-se-trajo-un-triunfo-de-la-isla-maciel","status":"publish","type":"post","link":"https:\/\/sectorprensa.com.ar\/?p=74120","title":{"rendered":"Deportivo Mor\u00f3n se trajo un triunfo de la Isla Maciel"},"content":{"rendered":"\n<h6 class=\"wp-block-heading\"><strong>El Gallo dio vuelta el partido y venci\u00f3 a San Telmo por 2-1 para seguir prendido en la pelea por la punta de su zona.<\/strong><\/h6>\n\n\n\n<p>Deportivo Mor\u00f3n sac\u00f3 adelante su partido en la Isla Maciel. Luego de ir abajo en el marcador, logr\u00f3 imponerse ante San Telmo por 2 a 1 en el Osvaldo Baletto, en el duelo correspondiente a la fecha 23 de la Zona B de la Primera Nacional.<\/p>\n\n\n\n<p>Cuando se jugaban 8 minutos del primer tiempo, Jer\u00f3nimo Porto Lapeg\u00fce puso en ventaja al due\u00f1o de casa. Pero a falta de cuatro para cerrar esta etapa, Ivo Constantino igual\u00f3 desde el punto penal. Y cuando el cron\u00f3metro marcaba los 37\u2032, Juan Manuel Cabrera le dio la victoria al Gallo.<\/p>\n\n\n\n<p>El equipo de Walter Otta se encuentra tercero con 39 puntos, a tan solo tres del puntero Gimnasia de Jujuy. En la pr\u00f3xima jornada, recibir\u00e1 a Chacarita.<\/p>\n","protected":false},"excerpt":{"rendered":"<p>El Gallo dio vuelta el partido y venci\u00f3 a San Telmo por 2-1 para seguir prendido en la pelea por<\/p>\n","protected":false},"author":5,"featured_media":74121,"comment_status":"closed","ping_status":"closed","sticky":false,"template":"","format":"standard","meta":{"colormag_page_container_layout":"default_layout","colormag_page_sidebar_layout":"default_layout","footnotes":""},"categories":[11],"tags":[55,3397],"class_list":["post-74120","post","type-post","status-publish","format-standard","has-post-thumbnail","hentry","category-deportes","tag-deportivo-moron","tag-primera-nacional"],"_links":{"self":[{"href":"https:\/\/sectorprensa.com.ar\/index.php?rest_route=\/wp\/v2\/posts\/74120","targetHints":{"allow":["GET"]}}],"collection":[{"href":"https:\/\/sectorprensa.com.ar\/index.php?rest_route=\/wp\/v2\/posts"}],"about":[{"href":"https:\/\/sectorprensa.com.ar\/index.php?rest_route=\/wp\/v2\/types\/post"}],"author":[{"embeddable":true,"href":"https:\/\/sectorprensa.com.ar\/index.php?rest_route=\/wp\/v2\/users\/5"}],"replies":[{"embeddable":true,"href":"https:\/\/sectorprensa.com.ar\/index.php?rest_route=%2Fwp%2Fv2%2Fcomments&post=74120"}],"version-history":[{"count":1,"href":"https:\/\/sectorprensa.com.ar\/index.php?rest_route=\/wp\/v2\/posts\/74120\/revisions"}],"predecessor-version":[{"id":74122,"href":"https:\/\/sectorprensa.com.ar\/index.php?rest_route=\/wp\/v2\/posts\/74120\/revisions\/74122"}],"wp:featuredmedia":[{"embeddable":true,"href":"https:\/\/sectorprensa.com.ar\/index.php?rest_route=\/wp\/v2\/media\/74121"}],"wp:attachment":[{"href":"https:\/\/sectorprensa.com.ar\/index.php?rest_route=%2Fwp%2Fv2%2Fmedia&parent=74120"}],"wp:term":[{"taxonomy":"category","embeddable":true,"href":"https:\/\/sectorprensa.com.ar\/index.php?rest_route=%2Fwp%2Fv2%2Fcategories&post=74120"},{"taxonomy":"post_tag","embeddable":true,"href":"https:\/\/sectorprensa.com.ar\/index.php?rest_route=%2Fwp%2Fv2%2Ftags&post=74120"}],"curies":[{"name":"wp","href":"https:\/\/api.w.org\/{rel}","templated":true}]}}