{"id":74174,"date":"2025-07-22T08:57:57","date_gmt":"2025-07-22T11:57:57","guid":{"rendered":"https:\/\/sectorprensa.com.ar\/?p=74174"},"modified":"2025-07-22T08:57:57","modified_gmt":"2025-07-22T11:57:57","slug":"moreno-se-demolieron-tres-bunkers-narcos-y-se-desarticulo-una-red-delictiva-que-operaba-en-cuartel-v","status":"publish","type":"post","link":"https:\/\/sectorprensa.com.ar\/?p=74174","title":{"rendered":"Moreno: se demolieron tres bunkers narcos y se desarticul\u00f3 una red delictiva que operaba en Cuartel V"},"content":{"rendered":"\n<p><strong>La investigaci\u00f3n comenz\u00f3 tras un homicidio en 2024 y permiti\u00f3 detener a siete personas, rescatar a v\u00edctimas de trata y secuestrar drogas, veh\u00edculos y elementos vinculados al narcomenudeo.<\/strong><\/p>\n\n\n\n<p>En el marco de una investigaci\u00f3n articulada entre el Municipio de Moreno, la Fiscal\u00eda General de Moreno \u2013 General Rodr\u00edguez y el Ministerio de Seguridad bonaerense, se logr\u00f3 desmantelar una organizaci\u00f3n criminal que operaba en la localidad de Cuartel V, particularmente en el barrio San Francisco, donde fueron demolidos tres b\u00fankers narcos.<\/p>\n\n\n\n<p>Los operativos m\u00e1s recientes se realizaron los d\u00edas 17 y 18 de julio de 2025 en Cuartel V y en Jos\u00e9 C. Paz. Como resultado, se detuvo a siete personas y se incautaron 4.690 gramos de marihuana, 47,13 gramos de coca\u00edna, 18,5 gramos de pasta base, cargadores de armas, veh\u00edculos utilizados para distribuci\u00f3n, dinero en efectivo, balanzas de precisi\u00f3n y tel\u00e9fonos celulares.<\/p>\n\n\n\n<p>La secuencia comenz\u00f3 a mediados de 2024, tras un homicidio vinculado a un ajuste de cuentas en Pasaje Cabral, entre Fray Luis de Le\u00f3n y Dr. Quirno Costa. A partir de all\u00ed, se demolieron tres puntos de venta de estupefacientes: el primero el 13 de septiembre de 2024, el segundo el 22 de enero de 2025 y el \u00faltimo el 22 de abril de 2025, con la presencia de la intendenta Mariel Fern\u00e1ndez.<\/p>\n\n\n\n<p>En el transcurso de las investigaciones fueron detenidos dos hombres, quienes fueron tra\u00eddos de Paraguay, v\u00edctimas de trata y obligados a ejercer actividades de venta de estupefacientes en condiciones de reducci\u00f3n a la servidumbre. Uno de ellos pudo regresar a su pa\u00eds, tras la intervenci\u00f3n del Consulado de Paraguay y de PROTEX, la Procuradur\u00eda de Trata del Ministerio P\u00fablico Fiscal de la Naci\u00f3n.<\/p>\n\n\n\n<p>La causa fue impulsada por la UFI N\u00b0 12 del Departamento Judicial Moreno-General Rodr\u00edguez, con acompa\u00f1amiento del Gobierno local que canaliz\u00f3 denuncias de vecinos y sum\u00f3 informaci\u00f3n aportada tambi\u00e9n por el Municipio de General Rodr\u00edguez, dado que la banda actuaba en ambos distritos.<\/p>\n\n\n\n<p>\u201cEsta acci\u00f3n se inscribe dentro de una pol\u00edtica sostenida por el Gobierno de Mariel Fern\u00e1ndez para combatir el narcomenudeo, erradicar redes de trata y recuperar espacios seguros para la comunidad\u201d, remarcaron.<\/p>\n\n\n\n<p><\/p>\n","protected":false},"excerpt":{"rendered":"<p>La investigaci\u00f3n comenz\u00f3 tras un homicidio en 2024 y permiti\u00f3 detener a siete personas, rescatar a v\u00edctimas de trata y<\/p>\n","protected":false},"author":6,"featured_media":74175,"comment_status":"closed","ping_status":"closed","sticky":false,"template":"","format":"standard","meta":{"colormag_page_container_layout":"default_layout","colormag_page_sidebar_layout":"default_layout","footnotes":""},"categories":[17,2154,12],"tags":[],"class_list":["post-74174","post","type-post","status-publish","format-standard","has-post-thumbnail","hentry","category-destacadas","category-moreno","category-policiales"],"_links":{"self":[{"href":"https:\/\/sectorprensa.com.ar\/index.php?rest_route=\/wp\/v2\/posts\/74174","targetHints":{"allow":["GET"]}}],"collection":[{"href":"https:\/\/sectorprensa.com.ar\/index.php?rest_route=\/wp\/v2\/posts"}],"about":[{"href":"https:\/\/sectorprensa.com.ar\/index.php?rest_route=\/wp\/v2\/types\/post"}],"author":[{"embeddable":true,"href":"https:\/\/sectorprensa.com.ar\/index.php?rest_route=\/wp\/v2\/users\/6"}],"replies":[{"embeddable":true,"href":"https:\/\/sectorprensa.com.ar\/index.php?rest_route=%2Fwp%2Fv2%2Fcomments&post=74174"}],"version-history":[{"count":1,"href":"https:\/\/sectorprensa.com.ar\/index.php?rest_route=\/wp\/v2\/posts\/74174\/revisions"}],"predecessor-version":[{"id":74176,"href":"https:\/\/sectorprensa.com.ar\/index.php?rest_route=\/wp\/v2\/posts\/74174\/revisions\/74176"}],"wp:featuredmedia":[{"embeddable":true,"href":"https:\/\/sectorprensa.com.ar\/index.php?rest_route=\/wp\/v2\/media\/74175"}],"wp:attachment":[{"href":"https:\/\/sectorprensa.com.ar\/index.php?rest_route=%2Fwp%2Fv2%2Fmedia&parent=74174"}],"wp:term":[{"taxonomy":"category","embeddable":true,"href":"https:\/\/sectorprensa.com.ar\/index.php?rest_route=%2Fwp%2Fv2%2Fcategories&post=74174"},{"taxonomy":"post_tag","embeddable":true,"href":"https:\/\/sectorprensa.com.ar\/index.php?rest_route=%2Fwp%2Fv2%2Ftags&post=74174"}],"curies":[{"name":"wp","href":"https:\/\/api.w.org\/{rel}","templated":true}]}}