{"id":74186,"date":"2025-07-23T10:16:17","date_gmt":"2025-07-23T13:16:17","guid":{"rendered":"https:\/\/sectorprensa.com.ar\/?p=74186"},"modified":"2025-07-23T10:16:18","modified_gmt":"2025-07-23T13:16:18","slug":"terror-entre-los-vecinos-de-la-reja-por-la-presencia-de-un-puma-suelto-mato-cerdos-patos-y-perros","status":"publish","type":"post","link":"https:\/\/sectorprensa.com.ar\/?p=74186","title":{"rendered":"Terror entre los vecinos de La Reja por la presencia de un puma suelto: mat\u00f3 cerdos, patos y perros"},"content":{"rendered":"\n<p><strong>La presencia del felino fue captada por c\u00e1maras de seguridad de un predio. Estiman que est\u00e1 en la zona hace varios meses.<\/strong><\/p>\n\n\n\n<p>La localidad de La Reja, en el partido de Moreno,\u00a0se encuentra en alerta por la presencia de un puma que est\u00e1 suelto\u00a0y, de acuerdo al registro de c\u00e1maras de seguridad de la zona, se confirm\u00f3 que mat\u00f3 a varios animales.<\/p>\n\n\n\n<p>\u201cMat\u00f3 a doce chancas grandes, lechones, gansos, patos, perros\u201d, expres\u00f3 Nancy en declaraciones televisivas al canal C5N, una vecina que tiene un campo en la zona y es una de las damnificadas por la presencia del animal. Seg\u00fan cont\u00f3, ella y otros vecinos ya\u00a0alertaron a Defensa Civil y las autoridades\u00a0para que el puma sea capturado, ya que resulta un peligro no solo para los animales que se cr\u00edan en la zona sino para ni\u00f1os y personas en general.<\/p>\n\n\n\n<figure class=\"wp-block-embed is-type-rich is-provider-twitter wp-block-embed-twitter\"><div class=\"wp-block-embed__wrapper\">\nhttps:\/\/twitter.com\/PolicialesON\/status\/1947401124883140859\n<\/div><\/figure>\n\n\n\n<p>En tanto, de acuerdo al registro de las c\u00e1maras y a los testimonios de varios vecinos,\u00a0el felino fue visto escapando y saltando alambrados, principalmente por la noche y de madrugada,\u00a0por lo que resulta dif\u00edcil su captura.<\/p>\n\n\n\n<p>El puma fue visto en el complejo perteneciente al sindicato SUTERH, por trabajadores y residentes que quedaron impactados y con temor por la presencia del animal. Rub\u00e9n, otro vecino de la zona, explic\u00f3 a C5N que la presencia de este depredador \u201ces de larga data\u201d, ya que hace m\u00e1s o menos un a\u00f1o que aparecen animales muertos con las mismas caracter\u00edsticas: heridas en las orejas, pero no consumidos totalmente.\u00a0\u201cSiempre le ech\u00e1bamos la culpa a los perros hasta que ahora lo vieron\u201d, se\u00f1al\u00f3 el hombre con indignaci\u00f3n.<\/p>\n\n\n\n<figure class=\"wp-block-embed is-type-video is-provider-youtube wp-block-embed-youtube wp-embed-aspect-16-9 wp-has-aspect-ratio\"><div class=\"wp-block-embed__wrapper\">\n<iframe loading=\"lazy\" title=\"TERROR en MORENO por un PUMA SUELTO: MAT\u00d3 GANSOS Y CHANCHOS\" width=\"800\" height=\"450\" src=\"https:\/\/www.youtube.com\/embed\/JOiGhBOWWX8?feature=oembed\" frameborder=\"0\" allow=\"accelerometer; autoplay; clipboard-write; encrypted-media; gyroscope; picture-in-picture; web-share\" referrerpolicy=\"strict-origin-when-cross-origin\" allowfullscreen><\/iframe>\n<\/div><\/figure>\n\n\n\n<p>Ante el aviso de los vecinos, personal del Comando de Patrullas de Moreno mont\u00f3 en las \u00faltimas horas un operativo de rastrillaje en la zona, pero no lograron encontrar al animal. La Unidad Funcional de Instrucci\u00f3n N.\u00ba 3 interviene en el caso, as\u00ed como entidades ambientales bonaerenses.\u00a0<\/p>\n","protected":false},"excerpt":{"rendered":"<p>La presencia del felino fue captada por c\u00e1maras de seguridad de un predio. Estiman que est\u00e1 en la zona hace<\/p>\n","protected":false},"author":6,"featured_media":74187,"comment_status":"closed","ping_status":"closed","sticky":false,"template":"","format":"standard","meta":{"colormag_page_container_layout":"default_layout","colormag_page_sidebar_layout":"default_layout","footnotes":""},"categories":[17,2154,12,10],"tags":[],"class_list":["post-74186","post","type-post","status-publish","format-standard","has-post-thumbnail","hentry","category-destacadas","category-moreno","category-policiales","category-sociedad"],"_links":{"self":[{"href":"https:\/\/sectorprensa.com.ar\/index.php?rest_route=\/wp\/v2\/posts\/74186","targetHints":{"allow":["GET"]}}],"collection":[{"href":"https:\/\/sectorprensa.com.ar\/index.php?rest_route=\/wp\/v2\/posts"}],"about":[{"href":"https:\/\/sectorprensa.com.ar\/index.php?rest_route=\/wp\/v2\/types\/post"}],"author":[{"embeddable":true,"href":"https:\/\/sectorprensa.com.ar\/index.php?rest_route=\/wp\/v2\/users\/6"}],"replies":[{"embeddable":true,"href":"https:\/\/sectorprensa.com.ar\/index.php?rest_route=%2Fwp%2Fv2%2Fcomments&post=74186"}],"version-history":[{"count":1,"href":"https:\/\/sectorprensa.com.ar\/index.php?rest_route=\/wp\/v2\/posts\/74186\/revisions"}],"predecessor-version":[{"id":74188,"href":"https:\/\/sectorprensa.com.ar\/index.php?rest_route=\/wp\/v2\/posts\/74186\/revisions\/74188"}],"wp:featuredmedia":[{"embeddable":true,"href":"https:\/\/sectorprensa.com.ar\/index.php?rest_route=\/wp\/v2\/media\/74187"}],"wp:attachment":[{"href":"https:\/\/sectorprensa.com.ar\/index.php?rest_route=%2Fwp%2Fv2%2Fmedia&parent=74186"}],"wp:term":[{"taxonomy":"category","embeddable":true,"href":"https:\/\/sectorprensa.com.ar\/index.php?rest_route=%2Fwp%2Fv2%2Fcategories&post=74186"},{"taxonomy":"post_tag","embeddable":true,"href":"https:\/\/sectorprensa.com.ar\/index.php?rest_route=%2Fwp%2Fv2%2Ftags&post=74186"}],"curies":[{"name":"wp","href":"https:\/\/api.w.org\/{rel}","templated":true}]}}