{"id":74193,"date":"2025-07-23T10:16:28","date_gmt":"2025-07-23T13:16:28","guid":{"rendered":"https:\/\/sectorprensa.com.ar\/?p=74193"},"modified":"2025-07-23T10:16:31","modified_gmt":"2025-07-23T13:16:31","slug":"vacaciones-de-invierno-en-merlo-los-chicos-ya-estan-disfrutando-las-actividades-que-brinda-el-municipio","status":"publish","type":"post","link":"https:\/\/sectorprensa.com.ar\/?p=74193","title":{"rendered":"Vacaciones de invierno en Merlo: los chicos ya est\u00e1n disfrutando las actividades que brinda el Municipio"},"content":{"rendered":"\n<p><strong>Hay much\u00edsimas propuestas para los chicos, hasta el 2 de agosto. La informaci\u00f3n en la nota.<\/strong><\/p>\n\n\n\n<p>Miles de chicos y sus familias ya disfrutan de las mejores propuestas culturales, educativas, deportivas y recreativas gratuitas que brinda el Municipio de Merlo en estas vacaciones (del 21 de julio al 2 de agosto).<\/p>\n\n\n\n<p>Como todos los a\u00f1os, los ni\u00f1os de Merlo pueden elegir entre variadas actividades: hay obras teatrales, espect\u00e1culos y m\u00fasica en vivo en el Teatro Municipal y en los espacios culturales de Merlo.<\/p>\n\n\n\n<figure class=\"wp-block-image size-full\"><img loading=\"lazy\" decoding=\"async\" width=\"821\" height=\"469\" src=\"https:\/\/sectorprensa.com.ar\/wp-content\/uploads\/2025\/07\/Captura-de-pantalla-2025-07-22-183439.png\" alt=\"\" class=\"wp-image-74195\" srcset=\"https:\/\/sectorprensa.com.ar\/wp-content\/uploads\/2025\/07\/Captura-de-pantalla-2025-07-22-183439.png 821w, https:\/\/sectorprensa.com.ar\/wp-content\/uploads\/2025\/07\/Captura-de-pantalla-2025-07-22-183439-300x171.png 300w, https:\/\/sectorprensa.com.ar\/wp-content\/uploads\/2025\/07\/Captura-de-pantalla-2025-07-22-183439-768x439.png 768w\" sizes=\"auto, (max-width: 821px) 100vw, 821px\" \/><\/figure>\n\n\n\n<p>Adem\u00e1s, pueden visitar la Expo Traves\u00eda Dino, en el Parque Municipal N\u00e9stor Kirchner. Diferentes especies de dinosaurios para conocer y aprender.<\/p>\n\n\n\n<p>Tambi\u00e9n, en los barrios y en las plazas de Merlo hay diferentes actividades para que los chicos disfruten de sus vacaciones de la mejor manera.<\/p>\n\n\n\n<p>Conoc\u00e9 el cronograma de fechas y actividades:&nbsp;<a href=\"https:\/\/www.merlo.gob.ar\/vacacionesdeinvierno2025\/\">https:\/\/www.merlo.gob.ar\/vacacionesdeinvierno2025\/<\/a><\/p>\n","protected":false},"excerpt":{"rendered":"<p>Hay much\u00edsimas propuestas para los chicos, hasta el 2 de agosto. La informaci\u00f3n en la nota. Miles de chicos y<\/p>\n","protected":false},"author":6,"featured_media":74194,"comment_status":"closed","ping_status":"closed","sticky":false,"template":"","format":"standard","meta":{"colormag_page_container_layout":"default_layout","colormag_page_sidebar_layout":"default_layout","footnotes":""},"categories":[17,7,1173,10],"tags":[],"class_list":["post-74193","post","type-post","status-publish","format-standard","has-post-thumbnail","hentry","category-destacadas","category-merlo","category-municipales","category-sociedad"],"_links":{"self":[{"href":"https:\/\/sectorprensa.com.ar\/index.php?rest_route=\/wp\/v2\/posts\/74193","targetHints":{"allow":["GET"]}}],"collection":[{"href":"https:\/\/sectorprensa.com.ar\/index.php?rest_route=\/wp\/v2\/posts"}],"about":[{"href":"https:\/\/sectorprensa.com.ar\/index.php?rest_route=\/wp\/v2\/types\/post"}],"author":[{"embeddable":true,"href":"https:\/\/sectorprensa.com.ar\/index.php?rest_route=\/wp\/v2\/users\/6"}],"replies":[{"embeddable":true,"href":"https:\/\/sectorprensa.com.ar\/index.php?rest_route=%2Fwp%2Fv2%2Fcomments&post=74193"}],"version-history":[{"count":1,"href":"https:\/\/sectorprensa.com.ar\/index.php?rest_route=\/wp\/v2\/posts\/74193\/revisions"}],"predecessor-version":[{"id":74196,"href":"https:\/\/sectorprensa.com.ar\/index.php?rest_route=\/wp\/v2\/posts\/74193\/revisions\/74196"}],"wp:featuredmedia":[{"embeddable":true,"href":"https:\/\/sectorprensa.com.ar\/index.php?rest_route=\/wp\/v2\/media\/74194"}],"wp:attachment":[{"href":"https:\/\/sectorprensa.com.ar\/index.php?rest_route=%2Fwp%2Fv2%2Fmedia&parent=74193"}],"wp:term":[{"taxonomy":"category","embeddable":true,"href":"https:\/\/sectorprensa.com.ar\/index.php?rest_route=%2Fwp%2Fv2%2Fcategories&post=74193"},{"taxonomy":"post_tag","embeddable":true,"href":"https:\/\/sectorprensa.com.ar\/index.php?rest_route=%2Fwp%2Fv2%2Ftags&post=74193"}],"curies":[{"name":"wp","href":"https:\/\/api.w.org\/{rel}","templated":true}]}}