{"id":74255,"date":"2025-07-25T11:16:19","date_gmt":"2025-07-25T14:16:19","guid":{"rendered":"https:\/\/sectorprensa.com.ar\/?p=74255"},"modified":"2025-07-25T11:16:19","modified_gmt":"2025-07-25T14:16:19","slug":"video-merlo-intento-robar-en-un-colectivo-y-termino-detenido-por-los-pasajeros","status":"publish","type":"post","link":"https:\/\/sectorprensa.com.ar\/?p=74255","title":{"rendered":"[Video] Merlo: intent\u00f3 robar en un colectivo y termin\u00f3 detenido por los pasajeros"},"content":{"rendered":"\n<p><strong>Un joven de 21 a\u00f1os quiso robar un celular a bordo de un colectivo de la l\u00ednea 504, pero fue reducido por los pasajeros, golpeado y atado con cables hasta que lleg\u00f3 la Polic\u00eda. El hecho ocurri\u00f3 en plena ma\u00f1ana en la intersecci\u00f3n de Mozart y avenida Argentina.<\/strong><\/p>\n\n\n\n<p>Un intento de robo a bordo de un colectivo termin\u00f3 con una detenci\u00f3n ciudadana en Merlo. El hecho ocurri\u00f3 en la ma\u00f1ana del jueves en el interno 393 de la l\u00ednea 504, cuando un joven intent\u00f3 robarle el celular a un pasajero, pero fue reducido por otros usuarios del transporte p\u00fablico. La reacci\u00f3n fue inmediata: lo golpearon y lo inmovilizaron at\u00e1ndolo con cables al pasamanos del veh\u00edculo.<\/p>\n\n\n\n<p>Todo sucedi\u00f3 mientras la unidad realizaba el recorrido 1 por Ruta 200. Tres pasajeros subieron al colectivo al llegar a la calle Mozart y, a pocas cuadras, uno de ellos se desplaz\u00f3 hacia la parte trasera del veh\u00edculo para tocar el timbre. En ese momento intent\u00f3 arrebatarle el celular a otro pasajero, y al no lograrlo, sac\u00f3 un arma e intent\u00f3 gatillar, aunque el arma no dispar\u00f3.<\/p>\n\n\n\n<figure class=\"wp-block-embed is-type-rich is-provider-twitter wp-block-embed-twitter\"><div class=\"wp-block-embed__wrapper\">\n<blockquote class=\"twitter-tweet\" data-width=\"550\" data-dnt=\"true\"><p lang=\"es\" dir=\"ltr\">\ud83d\udd39Iba armado, intent\u00f3 robar en un colectivo y fue detenido por los pasajeros<br><br>Ocurri\u00f3 en un interno de la L\u00ednea 504 en Merlo.<br><br>\ud83d\udccc Lo cont\u00f3 Gustavo Carabajal en LN+ <a href=\"https:\/\/t.co\/qbPNYoxTrX\">pic.twitter.com\/qbPNYoxTrX<\/a><\/p>&mdash; La Naci\u00f3n M\u00e1s (@lanacionmas) <a href=\"https:\/\/twitter.com\/lanacionmas\/status\/1948391626511966631?ref_src=twsrc%5Etfw\">July 24, 2025<\/a><\/blockquote><script async src=\"https:\/\/platform.twitter.com\/widgets.js\" charset=\"utf-8\"><\/script>\n<\/div><\/figure>\n\n\n\n<p>El resto de los pasajeros reaccion\u00f3 al instante. Entre varios lograron reducir al atacante, que incluso intent\u00f3 escapar por la ventana. La Polic\u00eda fue alertada, pero como demor\u00f3 en llegar, decidieron atarlo a una de las barandas del colectivo con una correa hasta que arribaron los efectivos.<\/p>\n\n\n\n<p>En total, hab\u00eda diez personas en el colectivo, adem\u00e1s del chofer, quien tambi\u00e9n colabor\u00f3 para frenar la unidad y evitar la fuga del sospechoso. La polic\u00eda finalmente lleg\u00f3 y traslad\u00f3 al detenido a la comisar\u00eda local.<\/p>\n\n\n\n<p>El caso qued\u00f3 en manos de la Fiscal\u00eda N\u00ba 1 de Mor\u00f3n, que ya inici\u00f3 la investigaci\u00f3n correspondiente. El detenido tiene 21 a\u00f1os y podr\u00eda enfrentar cargos por intento de robo agravado por el uso de arma.<\/p>\n","protected":false},"excerpt":{"rendered":"<p>Un joven de 21 a\u00f1os quiso robar un celular a bordo de un colectivo de la l\u00ednea 504, pero fue<\/p>\n","protected":false},"author":6,"featured_media":74262,"comment_status":"closed","ping_status":"closed","sticky":false,"template":"","format":"standard","meta":{"colormag_page_container_layout":"default_layout","colormag_page_sidebar_layout":"default_layout","footnotes":""},"categories":[17,7,12],"tags":[],"class_list":["post-74255","post","type-post","status-publish","format-standard","has-post-thumbnail","hentry","category-destacadas","category-merlo","category-policiales"],"_links":{"self":[{"href":"https:\/\/sectorprensa.com.ar\/index.php?rest_route=\/wp\/v2\/posts\/74255","targetHints":{"allow":["GET"]}}],"collection":[{"href":"https:\/\/sectorprensa.com.ar\/index.php?rest_route=\/wp\/v2\/posts"}],"about":[{"href":"https:\/\/sectorprensa.com.ar\/index.php?rest_route=\/wp\/v2\/types\/post"}],"author":[{"embeddable":true,"href":"https:\/\/sectorprensa.com.ar\/index.php?rest_route=\/wp\/v2\/users\/6"}],"replies":[{"embeddable":true,"href":"https:\/\/sectorprensa.com.ar\/index.php?rest_route=%2Fwp%2Fv2%2Fcomments&post=74255"}],"version-history":[{"count":1,"href":"https:\/\/sectorprensa.com.ar\/index.php?rest_route=\/wp\/v2\/posts\/74255\/revisions"}],"predecessor-version":[{"id":74257,"href":"https:\/\/sectorprensa.com.ar\/index.php?rest_route=\/wp\/v2\/posts\/74255\/revisions\/74257"}],"wp:featuredmedia":[{"embeddable":true,"href":"https:\/\/sectorprensa.com.ar\/index.php?rest_route=\/wp\/v2\/media\/74262"}],"wp:attachment":[{"href":"https:\/\/sectorprensa.com.ar\/index.php?rest_route=%2Fwp%2Fv2%2Fmedia&parent=74255"}],"wp:term":[{"taxonomy":"category","embeddable":true,"href":"https:\/\/sectorprensa.com.ar\/index.php?rest_route=%2Fwp%2Fv2%2Fcategories&post=74255"},{"taxonomy":"post_tag","embeddable":true,"href":"https:\/\/sectorprensa.com.ar\/index.php?rest_route=%2Fwp%2Fv2%2Ftags&post=74255"}],"curies":[{"name":"wp","href":"https:\/\/api.w.org\/{rel}","templated":true}]}}