{"id":74472,"date":"2025-08-02T11:14:33","date_gmt":"2025-08-02T14:14:33","guid":{"rendered":"https:\/\/sectorprensa.com.ar\/?p=74472"},"modified":"2025-08-02T11:14:34","modified_gmt":"2025-08-02T14:14:34","slug":"la-casa-museo-maria-elena-walsh-recibio-el-premio-pregonero-2025","status":"publish","type":"post","link":"https:\/\/sectorprensa.com.ar\/?p=74472","title":{"rendered":"La Casa Museo Mar\u00eda Elena Walsh recibi\u00f3 el Premio Pregonero 2025"},"content":{"rendered":"\n<p><strong>El espacio recuperado y puesto en valor por el Municipio de Mor\u00f3n fue distinguido con uno de los reconocimientos m\u00e1s importantes en el \u00e1mbito de la literatura infantil y juvenil.<\/strong><\/p>\n\n\n\n<p>La Casa Museo Mar\u00eda Elena Walsh (Casa MEW) fue reconocida con el Premio Pregonero a Instituci\u00f3n 2025, otorgado por la Fundaci\u00f3n El Libro en el marco de la Feria del Libro Infantil y Juvenil. El galard\u00f3n destaca su rol como espacio cultural gratuito, dedicado a preservar y difundir el legado de la autora.<\/p>\n\n\n\n<p>Desde 1990, los Premios Pregonero se entregan anualmente con el objetivo de visibilizar y valorar el trabajo de bibliotecas, narradores, editoriales y proyectos culturales que promueven la lectura entre ni\u00f1os, ni\u00f1as y j\u00f3venes. En esta edici\u00f3n, el jurado estuvo integrado por Gabriela P\u00e9rez, editora; Paula Bombara, escritora, bioqu\u00edmica y comunicadora cient\u00edfica; Rodrigo Ures, autor, productor y comunicador; y Poly Bernatene, autor e ilustrador.<\/p>\n\n\n\n<p>Inaugurada en 2023, la Casa MEW fue recuperada y puesta en valor por el Municipio de Mor\u00f3n, con el acompa\u00f1amiento del Instituto Cultural de la Provincia de Buenos Aires y del Ministerio de Cultura de la Naci\u00f3n. El proyecto incluy\u00f3 una exhaustiva investigaci\u00f3n biogr\u00e1fica y documental, que permiti\u00f3 confirmar que Mar\u00eda Elena Walsh naci\u00f3 y vivi\u00f3 su infancia en esa casa.<\/p>\n\n\n\n<p>Desde su apertura, se consolid\u00f3 como un espacio cultural vivo, con una programaci\u00f3n que abarca espect\u00e1culos, talleres, exposiciones, charlas y propuestas art\u00edsticas para todas las edades. Adem\u00e1s de rendir homenaje a una figura fundamental de la cultura argentina, la Casa MEW fortalece el v\u00ednculo con escuelas, instituciones barriales y la comunidad en general.<\/p>\n\n\n\n<p>En 1993, Mar\u00eda Elena Walsh fue distinguida con el Premio Pregonero de Honor, otorgado por Ediciones Colihue, en reconocimiento a su valiosa tarea en la difusi\u00f3n de la literatura infantil. Tres d\u00e9cadas despu\u00e9s, el premio a la Casa MEW reafirma la vigencia de su legado.<\/p>\n\n\n\n<p>Con entrada libre y gratuita, miles de personas visitan cada a\u00f1o este espacio que no solo resguarda la memoria de Mar\u00eda Elena, sino que tambi\u00e9n promueve la creatividad, la lectura y el encuentro comunitario. Se puede visitar de mi\u00e9rcoles a viernes de 11 a 18 hs, y los fines de semana de 11 a 19 hs.<\/p>\n","protected":false},"excerpt":{"rendered":"<p>El espacio recuperado y puesto en valor por el Municipio de Mor\u00f3n fue distinguido con uno de los reconocimientos m\u00e1s<\/p>\n","protected":false},"author":6,"featured_media":74473,"comment_status":"closed","ping_status":"closed","sticky":false,"template":"","format":"standard","meta":{"colormag_page_container_layout":"default_layout","colormag_page_sidebar_layout":"default_layout","footnotes":""},"categories":[17,5,1173,10],"tags":[],"class_list":["post-74472","post","type-post","status-publish","format-standard","has-post-thumbnail","hentry","category-destacadas","category-moron","category-municipales","category-sociedad"],"_links":{"self":[{"href":"https:\/\/sectorprensa.com.ar\/index.php?rest_route=\/wp\/v2\/posts\/74472","targetHints":{"allow":["GET"]}}],"collection":[{"href":"https:\/\/sectorprensa.com.ar\/index.php?rest_route=\/wp\/v2\/posts"}],"about":[{"href":"https:\/\/sectorprensa.com.ar\/index.php?rest_route=\/wp\/v2\/types\/post"}],"author":[{"embeddable":true,"href":"https:\/\/sectorprensa.com.ar\/index.php?rest_route=\/wp\/v2\/users\/6"}],"replies":[{"embeddable":true,"href":"https:\/\/sectorprensa.com.ar\/index.php?rest_route=%2Fwp%2Fv2%2Fcomments&post=74472"}],"version-history":[{"count":1,"href":"https:\/\/sectorprensa.com.ar\/index.php?rest_route=\/wp\/v2\/posts\/74472\/revisions"}],"predecessor-version":[{"id":74474,"href":"https:\/\/sectorprensa.com.ar\/index.php?rest_route=\/wp\/v2\/posts\/74472\/revisions\/74474"}],"wp:featuredmedia":[{"embeddable":true,"href":"https:\/\/sectorprensa.com.ar\/index.php?rest_route=\/wp\/v2\/media\/74473"}],"wp:attachment":[{"href":"https:\/\/sectorprensa.com.ar\/index.php?rest_route=%2Fwp%2Fv2%2Fmedia&parent=74472"}],"wp:term":[{"taxonomy":"category","embeddable":true,"href":"https:\/\/sectorprensa.com.ar\/index.php?rest_route=%2Fwp%2Fv2%2Fcategories&post=74472"},{"taxonomy":"post_tag","embeddable":true,"href":"https:\/\/sectorprensa.com.ar\/index.php?rest_route=%2Fwp%2Fv2%2Ftags&post=74472"}],"curies":[{"name":"wp","href":"https:\/\/api.w.org\/{rel}","templated":true}]}}