{"id":74795,"date":"2025-08-14T09:11:36","date_gmt":"2025-08-14T12:11:36","guid":{"rendered":"https:\/\/sectorprensa.com.ar\/?p=74795"},"modified":"2025-08-14T20:32:57","modified_gmt":"2025-08-14T23:32:57","slug":"merlenses-recibieron-pases-libres-multimodales-es-un-acto-de-justicia-que-contrasta-con-lo-que-ocurre-a-nivel-nacional","status":"publish","type":"post","link":"https:\/\/sectorprensa.com.ar\/?p=74795","title":{"rendered":"Merlenses recibieron Pases Libres Multimodales: \u201cEs un acto de justicia que contrasta con lo que ocurre a nivel nacional\u201d"},"content":{"rendered":"\n<p><strong>Fueron m\u00e1s de 200 vecinos los que obtuvieron el beneficio que garantiza la gratuidad en el transporte p\u00fablico.<\/strong><\/p>\n\n\n\n<p>M\u00e1s de 200 vecinos obtuvieron los Pases Libres Multimodales en una jornada encabezada por el Intendente Gustavo Men\u00e9ndez y el Ministro de Transporte de la Provincia de Buenos Aires, Mart\u00edn Marinucci, en la Casa de la Cultura.<\/p>\n\n\n\n<p>Los Pases Libres Multimodales garantizan la gratuidad en el transporte p\u00fablico a los vecinos y vecinas de Merlo que cuentan con CUD (Certificado \u00danico de Discapacidad).<\/p>\n\n\n\n<p>\u201cAgradecemos al Gobernador Axel Kicillof, al Ministro Marinucci y al equipo de Desarrollo e Integraci\u00f3n Social, que han trabajado denodadamente para que nuestros vecinos pudieran lograr el derecho a viajar. En esta unidad encontramos un resquicio para llevar un poco de alivio a estas familias\u201d, expres\u00f3 el jefe comunal.<\/p>\n\n\n\n<p>Por su parte, el Ministro Martin Marinucci, se\u00f1al\u00f3: \u201cHoy fueron convocados 250 vecinos y vecinas que, otorgando su foto, datos personales y el CUD, pudieron acceder en pocos minutos a la credencial. Vamos a beneficiar a m\u00e1s personas a trav\u00e9s de diferentes operativos en el territorio de Merlo para otorgarles este derecho\u201d.<\/p>\n\n\n\n<p>En este sentido, el Secretario de Desarrollo e Integraci\u00f3n Social, Lucas Scarcella, sostuvo que \u201cesta entrega un acto de justicia que contrasta con lo que ocurre a nivel nacional que los ocultan, los desprecian y no atienden sus reclamos. Aqu\u00ed en Merlo no tenemos un capitolio hostil para quienes tienen esa situaci\u00f3n de vida tan dif\u00edcil de sobrellevar\u201d.<\/p>\n\n\n\n<p>El PLM es una credencial emitida por el Ministerio de Transporte de la Provincia de Buenos Aires que se utiliza como \u00fanico instrumento de acceso a la gratuidad en el transporte p\u00fablico a quienes acrediten su condici\u00f3n de beneficiarias: personas con discapacidad, trasplantados y en lista de espera de trasplante.<\/p>\n","protected":false},"excerpt":{"rendered":"<p>Fueron m\u00e1s de 200 vecinos los que obtuvieron el beneficio que garantiza la gratuidad en el transporte p\u00fablico. M\u00e1s de<\/p>\n","protected":false},"author":6,"featured_media":74796,"comment_status":"closed","ping_status":"closed","sticky":false,"template":"","format":"standard","meta":{"colormag_page_container_layout":"default_layout","colormag_page_sidebar_layout":"default_layout","footnotes":""},"categories":[17,6828,7,1173,10],"tags":[],"class_list":["post-74795","post","type-post","status-publish","format-standard","has-post-thumbnail","hentry","category-destacadas","category-mas-destacadas","category-merlo","category-municipales","category-sociedad"],"_links":{"self":[{"href":"https:\/\/sectorprensa.com.ar\/index.php?rest_route=\/wp\/v2\/posts\/74795","targetHints":{"allow":["GET"]}}],"collection":[{"href":"https:\/\/sectorprensa.com.ar\/index.php?rest_route=\/wp\/v2\/posts"}],"about":[{"href":"https:\/\/sectorprensa.com.ar\/index.php?rest_route=\/wp\/v2\/types\/post"}],"author":[{"embeddable":true,"href":"https:\/\/sectorprensa.com.ar\/index.php?rest_route=\/wp\/v2\/users\/6"}],"replies":[{"embeddable":true,"href":"https:\/\/sectorprensa.com.ar\/index.php?rest_route=%2Fwp%2Fv2%2Fcomments&post=74795"}],"version-history":[{"count":2,"href":"https:\/\/sectorprensa.com.ar\/index.php?rest_route=\/wp\/v2\/posts\/74795\/revisions"}],"predecessor-version":[{"id":74798,"href":"https:\/\/sectorprensa.com.ar\/index.php?rest_route=\/wp\/v2\/posts\/74795\/revisions\/74798"}],"wp:featuredmedia":[{"embeddable":true,"href":"https:\/\/sectorprensa.com.ar\/index.php?rest_route=\/wp\/v2\/media\/74796"}],"wp:attachment":[{"href":"https:\/\/sectorprensa.com.ar\/index.php?rest_route=%2Fwp%2Fv2%2Fmedia&parent=74795"}],"wp:term":[{"taxonomy":"category","embeddable":true,"href":"https:\/\/sectorprensa.com.ar\/index.php?rest_route=%2Fwp%2Fv2%2Fcategories&post=74795"},{"taxonomy":"post_tag","embeddable":true,"href":"https:\/\/sectorprensa.com.ar\/index.php?rest_route=%2Fwp%2Fv2%2Ftags&post=74795"}],"curies":[{"name":"wp","href":"https:\/\/api.w.org\/{rel}","templated":true}]}}