{"id":75238,"date":"2025-08-29T10:52:39","date_gmt":"2025-08-29T13:52:39","guid":{"rendered":"https:\/\/sectorprensa.com.ar\/?p=75238"},"modified":"2025-08-29T10:52:40","modified_gmt":"2025-08-29T13:52:40","slug":"mariel-fernandez-la-transformacion-de-moreno-no-seria-posible-sin-la-participacion-de-la-comunidad","status":"publish","type":"post","link":"https:\/\/sectorprensa.com.ar\/?p=75238","title":{"rendered":"Mariel Fern\u00e1ndez: \u201cLa transformaci\u00f3n de Moreno no ser\u00eda posible sin la participaci\u00f3n de la comunidad\u201d"},"content":{"rendered":"\n<p><strong>La intendenta recorri\u00f3 las nuevas obras del barrio Sat\u00e9lite realizadas con recursos municipales. <\/strong><\/p>\n\n\n\n<p>La intendenta de Moreno Mariel Fern\u00e1ndez acompa\u00f1ada por la secretaria municipal, Marcela D\u00edaz, y j\u00f3venes que participan de la Casa Joven, recorri\u00f3 las nuevas obras del barrio Sat\u00e9lite que fueron planificadas de manera conjunta entre el Municipio y la comunidad.<\/p>\n\n\n\n<p>Se trata de obras realizadas con recursos municipales: un puente peatonal ubicado sobre el arroyo, 45 cuadras de asfalto, un nuevo corredor, la plazoleta equipada con juegos y la instalaci\u00f3n de luminarias que refuerzan la seguridad de la zona.<\/p>\n\n\n\n<p>Durante el recorrida, la jefa comunal destac\u00f3 el compromiso de las juventudes en la planificaci\u00f3n de estas mejoras: \u201cLa transformaci\u00f3n de Moreno no ser\u00eda posible sin la participaci\u00f3n de la comunidad. Nos da mucha alegr\u00eda poder acompa\u00f1arlos y saber que disfrutan de las propuestas que les acercamos, como son las actividades de la Casa Joven\u201d.<\/p>\n\n\n\n<figure class=\"wp-block-embed is-type-rich is-provider-twitter wp-block-embed-twitter\"><div class=\"wp-block-embed__wrapper\">\n<blockquote class=\"twitter-tweet\" data-width=\"550\" data-dnt=\"true\"><p lang=\"es\" dir=\"ltr\">Con las y los j\u00f3venes de la Casa Joven de Sat\u00e9lite celebramos las obras que ellos planificaron junto al Municipio. Gracias por el cari\u00f1o y felicitaciones \ud83e\udd0d <a href=\"https:\/\/t.co\/AbKcOqEWs1\">pic.twitter.com\/AbKcOqEWs1<\/a><\/p>&mdash; Mariel Fern\u00e1ndez (@marielfmoreno1) <a href=\"https:\/\/twitter.com\/marielfmoreno1\/status\/1961140203097043385?ref_src=twsrc%5Etfw\">August 28, 2025<\/a><\/blockquote><script async src=\"https:\/\/platform.twitter.com\/widgets.js\" charset=\"utf-8\"><\/script>\n<\/div><\/figure>\n\n\n\n<p>\u201cDesde el Gobierno local se impulsan actividades en las Casas Joven que est\u00e1n distribuidas en distintos barrios. Son espacios dise\u00f1ados para fomentar el desarrollo personal, la integraci\u00f3n social, el deporte y la expresi\u00f3n art\u00edstica, as\u00ed como tambi\u00e9n ofrecen contenci\u00f3n a adolescentes y j\u00f3venes de la comunidad y promueven la participaci\u00f3n activa de las juventudes en la comunidad\u201d, remarcaron desde el Municipio.<\/p>\n\n\n\n<figure class=\"wp-block-embed is-type-rich is-provider-twitter wp-block-embed-twitter\"><div class=\"wp-block-embed__wrapper\">\n<blockquote class=\"twitter-tweet\" data-width=\"550\" data-dnt=\"true\"><p lang=\"es\" dir=\"ltr\">Con las y los j\u00f3venes que participan en la Casa Joven de Sat\u00e9lite celebramos las obras que ellos planificaron junto al equipo de obras del Municipio. <a href=\"https:\/\/t.co\/507YP2slAz\">pic.twitter.com\/507YP2slAz<\/a><\/p>&mdash; Mariel Fern\u00e1ndez (@marielfmoreno1) <a href=\"https:\/\/twitter.com\/marielfmoreno1\/status\/1960833222947778836?ref_src=twsrc%5Etfw\">August 27, 2025<\/a><\/blockquote><script async src=\"https:\/\/platform.twitter.com\/widgets.js\" charset=\"utf-8\"><\/script>\n<\/div><\/figure>\n\n\n\n<p>Casa Joven Sat\u00e9lite est\u00e1 ubicada en Gar\u00edn y Canad\u00e1, ofrece talleres de murga, manualidades, actividades culturales, deportivas y recreativas, rondas de salud mental, acompa\u00f1amiento a personas atravesadas por el consumo y tambi\u00e9n se brinda informaci\u00f3n y concientizaci\u00f3n sobre Educaci\u00f3n Sexual Integral ESI.<\/p>\n\n\n\n<figure class=\"wp-block-embed is-type-rich is-provider-twitter wp-block-embed-twitter\"><div class=\"wp-block-embed__wrapper\">\n<blockquote class=\"twitter-tweet\" data-width=\"550\" data-dnt=\"true\"><p lang=\"es\" dir=\"ltr\">Nos da mucha alegr\u00eda poder acompa\u00f1arlos y saber que disfrutan de las propuestas que les acercamos, como son las actividades de la Casa Joven. <br><br>La transformacion de Moreno no ser\u00eda posible sin la participaci\u00f3n de la comunidad. Gracias por estar y por el c\u00e1lido recibimiento \ud83e\udd0d <a href=\"https:\/\/t.co\/YPaBO3QH92\">pic.twitter.com\/YPaBO3QH92<\/a><\/p>&mdash; Mariel Fern\u00e1ndez (@marielfmoreno1) <a href=\"https:\/\/twitter.com\/marielfmoreno1\/status\/1960833251817480441?ref_src=twsrc%5Etfw\">August 27, 2025<\/a><\/blockquote><script async src=\"https:\/\/platform.twitter.com\/widgets.js\" charset=\"utf-8\"><\/script>\n<\/div><\/figure>\n","protected":false},"excerpt":{"rendered":"<p>La intendenta recorri\u00f3 las nuevas obras del barrio Sat\u00e9lite realizadas con recursos municipales. La intendenta de Moreno Mariel Fern\u00e1ndez acompa\u00f1ada<\/p>\n","protected":false},"author":6,"featured_media":75239,"comment_status":"closed","ping_status":"closed","sticky":false,"template":"","format":"standard","meta":{"colormag_page_container_layout":"default_layout","colormag_page_sidebar_layout":"default_layout","footnotes":""},"categories":[17,2154,1173,8,10],"tags":[],"class_list":["post-75238","post","type-post","status-publish","format-standard","has-post-thumbnail","hentry","category-destacadas","category-moreno","category-municipales","category-politica","category-sociedad"],"_links":{"self":[{"href":"https:\/\/sectorprensa.com.ar\/index.php?rest_route=\/wp\/v2\/posts\/75238","targetHints":{"allow":["GET"]}}],"collection":[{"href":"https:\/\/sectorprensa.com.ar\/index.php?rest_route=\/wp\/v2\/posts"}],"about":[{"href":"https:\/\/sectorprensa.com.ar\/index.php?rest_route=\/wp\/v2\/types\/post"}],"author":[{"embeddable":true,"href":"https:\/\/sectorprensa.com.ar\/index.php?rest_route=\/wp\/v2\/users\/6"}],"replies":[{"embeddable":true,"href":"https:\/\/sectorprensa.com.ar\/index.php?rest_route=%2Fwp%2Fv2%2Fcomments&post=75238"}],"version-history":[{"count":1,"href":"https:\/\/sectorprensa.com.ar\/index.php?rest_route=\/wp\/v2\/posts\/75238\/revisions"}],"predecessor-version":[{"id":75240,"href":"https:\/\/sectorprensa.com.ar\/index.php?rest_route=\/wp\/v2\/posts\/75238\/revisions\/75240"}],"wp:featuredmedia":[{"embeddable":true,"href":"https:\/\/sectorprensa.com.ar\/index.php?rest_route=\/wp\/v2\/media\/75239"}],"wp:attachment":[{"href":"https:\/\/sectorprensa.com.ar\/index.php?rest_route=%2Fwp%2Fv2%2Fmedia&parent=75238"}],"wp:term":[{"taxonomy":"category","embeddable":true,"href":"https:\/\/sectorprensa.com.ar\/index.php?rest_route=%2Fwp%2Fv2%2Fcategories&post=75238"},{"taxonomy":"post_tag","embeddable":true,"href":"https:\/\/sectorprensa.com.ar\/index.php?rest_route=%2Fwp%2Fv2%2Ftags&post=75238"}],"curies":[{"name":"wp","href":"https:\/\/api.w.org\/{rel}","templated":true}]}}