{"id":75388,"date":"2025-09-03T10:33:00","date_gmt":"2025-09-03T13:33:00","guid":{"rendered":"https:\/\/sectorprensa.com.ar\/?p=75388"},"modified":"2025-09-04T00:30:17","modified_gmt":"2025-09-04T03:30:17","slug":"diego-valenzuela-ituzaingo-esta-para-mas","status":"publish","type":"post","link":"https:\/\/sectorprensa.com.ar\/?p=75388","title":{"rendered":"Diego Valenzuela: \u201cItuzaing\u00f3 est\u00e1 para m\u00e1s\u201d"},"content":{"rendered":"\n<p><strong>El intendente de Tres de Febrero y candidato a senador provincial en la primera secci\u00f3n electoral de La Libertad Avanza recorri\u00f3 con candidatos a concejales.<\/strong><\/p>\n\n\n\n<p>Diego Valenzuela, intendente de Tres de Febrero y candidato a senador provincial en la primera secci\u00f3n electoral de La Libertad Avanza, recorri\u00f3 este martes Ituzaing\u00f3 junto a Hugo Equiza (quien encabeza la boleta en el distrito como candidato a concejal), Walter Lanaro, Agustina De La Iglesia, Mar\u00eda Laura Lara, Luis Ra\u00fal Del Corral y \u00c1ngel Bordin.<\/p>\n\n\n\n<p>Luego, Valenzuela, en sus redes sociales, expres\u00f3 que \u201cItuzaing\u00f3 est\u00e1 para m\u00e1s, y con m\u00e1s presencia de La Libertad Avanza eso se puede lograr\u201d.<\/p>\n\n\n\n<p>\u201cComo en toda provincia podemos tener m\u00e1s comercio, m\u00e1s emprendimientos, m\u00e1s inversi\u00f3n, y m\u00e1s trabajo, si el Estado se dedica a facilitarle las cosas al sector privado\u201d, concluy\u00f3.<\/p>\n\n\n\n<figure class=\"wp-block-embed is-type-rich is-provider-twitter wp-block-embed-twitter\"><div class=\"wp-block-embed__wrapper\">\n<blockquote class=\"twitter-tweet\" data-width=\"550\" data-dnt=\"true\"><p lang=\"es\" dir=\"ltr\">Ituzaingo est\u00e1 para m\u00e1s, y con m\u00e1s presencia de <a href=\"https:\/\/twitter.com\/LLAenPBA?ref_src=twsrc%5Etfw\">@LLAenPBA<\/a> eso se puede lograr. Como en toda la provincia podemos tener m\u00e1s comercio, m\u00e1s emprendimientos, m\u00e1s inversi\u00f3n, y m\u00e1s trabajo, si el Estado se dedica a facilitarle las cosas al sector privado! <a href=\"https:\/\/twitter.com\/LeonItuzaingo?ref_src=twsrc%5Etfw\">@LeonItuzaingo<\/a> <a href=\"https:\/\/t.co\/OX55seFicO\">pic.twitter.com\/OX55seFicO<\/a><\/p>&mdash; Diego Valenzuela (@dievalen) <a href=\"https:\/\/twitter.com\/dievalen\/status\/1962951140426780898?ref_src=twsrc%5Etfw\">September 2, 2025<\/a><\/blockquote><script async src=\"https:\/\/platform.twitter.com\/widgets.js\" charset=\"utf-8\"><\/script>\n<\/div><\/figure>\n","protected":false},"excerpt":{"rendered":"<p>El intendente de Tres de Febrero y candidato a senador provincial en la primera secci\u00f3n electoral de La Libertad Avanza<\/p>\n","protected":false},"author":6,"featured_media":75389,"comment_status":"closed","ping_status":"closed","sticky":false,"template":"","format":"standard","meta":{"colormag_page_container_layout":"default_layout","colormag_page_sidebar_layout":"default_layout","footnotes":""},"categories":[17,4,8],"tags":[],"class_list":["post-75388","post","type-post","status-publish","format-standard","has-post-thumbnail","hentry","category-destacadas","category-ituzaingo","category-politica"],"_links":{"self":[{"href":"https:\/\/sectorprensa.com.ar\/index.php?rest_route=\/wp\/v2\/posts\/75388","targetHints":{"allow":["GET"]}}],"collection":[{"href":"https:\/\/sectorprensa.com.ar\/index.php?rest_route=\/wp\/v2\/posts"}],"about":[{"href":"https:\/\/sectorprensa.com.ar\/index.php?rest_route=\/wp\/v2\/types\/post"}],"author":[{"embeddable":true,"href":"https:\/\/sectorprensa.com.ar\/index.php?rest_route=\/wp\/v2\/users\/6"}],"replies":[{"embeddable":true,"href":"https:\/\/sectorprensa.com.ar\/index.php?rest_route=%2Fwp%2Fv2%2Fcomments&post=75388"}],"version-history":[{"count":1,"href":"https:\/\/sectorprensa.com.ar\/index.php?rest_route=\/wp\/v2\/posts\/75388\/revisions"}],"predecessor-version":[{"id":75390,"href":"https:\/\/sectorprensa.com.ar\/index.php?rest_route=\/wp\/v2\/posts\/75388\/revisions\/75390"}],"wp:featuredmedia":[{"embeddable":true,"href":"https:\/\/sectorprensa.com.ar\/index.php?rest_route=\/wp\/v2\/media\/75389"}],"wp:attachment":[{"href":"https:\/\/sectorprensa.com.ar\/index.php?rest_route=%2Fwp%2Fv2%2Fmedia&parent=75388"}],"wp:term":[{"taxonomy":"category","embeddable":true,"href":"https:\/\/sectorprensa.com.ar\/index.php?rest_route=%2Fwp%2Fv2%2Fcategories&post=75388"},{"taxonomy":"post_tag","embeddable":true,"href":"https:\/\/sectorprensa.com.ar\/index.php?rest_route=%2Fwp%2Fv2%2Ftags&post=75388"}],"curies":[{"name":"wp","href":"https:\/\/api.w.org\/{rel}","templated":true}]}}