{"id":75402,"date":"2025-09-04T09:55:34","date_gmt":"2025-09-04T12:55:34","guid":{"rendered":"https:\/\/sectorprensa.com.ar\/?p=75402"},"modified":"2025-09-04T09:55:35","modified_gmt":"2025-09-04T12:55:35","slug":"moron-un-estudiante-de-18-anos-mato-a-un-ladron-durante-un-intento-de-robo-en-la-plaza-del-ombu","status":"publish","type":"post","link":"https:\/\/sectorprensa.com.ar\/?p=75402","title":{"rendered":"Mor\u00f3n: un estudiante de 18 a\u00f1os mat\u00f3 a un ladr\u00f3n durante un intento de robo en la Plaza del Omb\u00fa"},"content":{"rendered":"\n<p><strong>El joven, que estaba con su novia menor de edad, fue sorprendido por un delincuente armado con un cuchillo. Tras ser atacado, forceje\u00f3, se defendi\u00f3 y le dio dos puntazos al asaltante, que muri\u00f3 camino al hospital. La Justicia investiga el caso como posible leg\u00edtima defensa.<\/strong><\/p>\n\n\n\n<p>Un joven de 18 a\u00f1os mat\u00f3 a un ladr\u00f3n durante un intento de robo en la Plaza del Omb\u00fa, ubicada en Mor\u00f3n. El hecho ocurri\u00f3 cuando el estudiante paseaba con su novia, menor de edad, cuando fueron abordados por un delincuente armado con un cuchillo de carnicero que lleg\u00f3 al lugar en bicicleta y los amenaz\u00f3 para robarles los tel\u00e9fonos celulares.<\/p>\n\n\n\n<p>El asaltante fue identificado como Brian H\u00e9ctor Nahuel Rosales, de 23 a\u00f1os. Seg\u00fan el relato del estudiante, al ver que su pareja estaba en peligro, intent\u00f3 defenderla y se enfrent\u00f3 al ladr\u00f3n. En medio del forcejeo, el agresor logr\u00f3 herirlo en la mano y el antebrazo con la cuchilla, pero el joven consigui\u00f3 arrebatarle el arma y atacarlo dos veces: una en la ingle y otra en el pecho.<\/p>\n\n\n\n<p>En este sentido, Rosales retrocedi\u00f3 unos metros y cay\u00f3 desplomado sobre la vereda. La pareja, en estado de shock, corri\u00f3 varias cuadras hasta encontrar un operativo policial, donde cont\u00f3 lo sucedido y entreg\u00f3 la cuchilla utilizada en el enfrentamiento. Los agentes de la comisar\u00eda 4\u00aa de Gervasio Pav\u00f3n acudieron r\u00e1pidamente al lugar y hallaron al delincuente con signos vitales, aunque muri\u00f3 minutos despu\u00e9s al ser trasladado al hospital Ren\u00e9 Favaloro, en La Matanza.<\/p>\n\n\n\n<p>La investigaci\u00f3n qued\u00f3 en manos de la Unidad Funcional de Instrucci\u00f3n N\u00b0 2 de Mor\u00f3n, dirigida por el fiscal Fernando Capello, quien orden\u00f3 el secuestro del arma blanca, el relevamiento de c\u00e1maras de seguridad y la b\u00fasqueda de testigos para reconstruir lo ocurrido. Hasta el momento, la principal hip\u00f3tesis sostiene que el estudiante actu\u00f3 en leg\u00edtima defensa, por lo que no se dispusieron medidas restrictivas en su contra.<\/p>\n\n\n\n<p>La causa fue caratulada como \u201crobo agravado y homicidio en leg\u00edtima defensa\u201d. Horas despu\u00e9s del hecho, familiares del delincuente fallecido se presentaron en la comisar\u00eda para pedir explicaciones, lo que gener\u00f3 momentos de tensi\u00f3n con el personal policial. La Justicia continuar\u00e1 recolectando pruebas para determinar con exactitud c\u00f3mo se desarrollaron los acontecimientos.<\/p>\n","protected":false},"excerpt":{"rendered":"<p>El joven, que estaba con su novia menor de edad, fue sorprendido por un delincuente armado con un cuchillo. Tras<\/p>\n","protected":false},"author":6,"featured_media":75403,"comment_status":"closed","ping_status":"closed","sticky":false,"template":"","format":"standard","meta":{"colormag_page_container_layout":"default_layout","colormag_page_sidebar_layout":"default_layout","footnotes":""},"categories":[17,5,12],"tags":[],"class_list":["post-75402","post","type-post","status-publish","format-standard","has-post-thumbnail","hentry","category-destacadas","category-moron","category-policiales"],"_links":{"self":[{"href":"https:\/\/sectorprensa.com.ar\/index.php?rest_route=\/wp\/v2\/posts\/75402","targetHints":{"allow":["GET"]}}],"collection":[{"href":"https:\/\/sectorprensa.com.ar\/index.php?rest_route=\/wp\/v2\/posts"}],"about":[{"href":"https:\/\/sectorprensa.com.ar\/index.php?rest_route=\/wp\/v2\/types\/post"}],"author":[{"embeddable":true,"href":"https:\/\/sectorprensa.com.ar\/index.php?rest_route=\/wp\/v2\/users\/6"}],"replies":[{"embeddable":true,"href":"https:\/\/sectorprensa.com.ar\/index.php?rest_route=%2Fwp%2Fv2%2Fcomments&post=75402"}],"version-history":[{"count":2,"href":"https:\/\/sectorprensa.com.ar\/index.php?rest_route=\/wp\/v2\/posts\/75402\/revisions"}],"predecessor-version":[{"id":75405,"href":"https:\/\/sectorprensa.com.ar\/index.php?rest_route=\/wp\/v2\/posts\/75402\/revisions\/75405"}],"wp:featuredmedia":[{"embeddable":true,"href":"https:\/\/sectorprensa.com.ar\/index.php?rest_route=\/wp\/v2\/media\/75403"}],"wp:attachment":[{"href":"https:\/\/sectorprensa.com.ar\/index.php?rest_route=%2Fwp%2Fv2%2Fmedia&parent=75402"}],"wp:term":[{"taxonomy":"category","embeddable":true,"href":"https:\/\/sectorprensa.com.ar\/index.php?rest_route=%2Fwp%2Fv2%2Fcategories&post=75402"},{"taxonomy":"post_tag","embeddable":true,"href":"https:\/\/sectorprensa.com.ar\/index.php?rest_route=%2Fwp%2Fv2%2Ftags&post=75402"}],"curies":[{"name":"wp","href":"https:\/\/api.w.org\/{rel}","templated":true}]}}