{"id":75409,"date":"2025-09-03T19:57:20","date_gmt":"2025-09-03T22:57:20","guid":{"rendered":"https:\/\/sectorprensa.com.ar\/?p=75409"},"modified":"2025-09-04T00:29:25","modified_gmt":"2025-09-04T03:29:25","slug":"selser-nuestro-partido-tiene-una-idea-que-se-asemeja-a-la-del-presidente","status":"publish","type":"post","link":"https:\/\/sectorprensa.com.ar\/?p=75409","title":{"rendered":"Selser: \u00abMi propuesta es libre portaci\u00f3n de arma de fuego en Mor\u00f3n\u00bb"},"content":{"rendered":"\n<h6 class=\"wp-block-heading\"><strong>El candidato a Concejal de Mor\u00f3n por Valores Republicanos, dio a conocer sus propuestas. La m\u00e1s llamativa, la creaci\u00f3n de una polic\u00eda local en el distrito y la libre portaci\u00f3n de armas para \u00ablas personas de bien\u00bb.<\/strong><\/h6>\n\n\n\n<p>A pocos d\u00edas de las elecciones legislativas en la provincia de Buenos Aires, los diferentes partidos y candidatos van cerrando sus campa\u00f1as y comentando sus propuestas. En un medio radial, el candidato a Concejal en Mor\u00f3n por Valores Republicanos, Italo Selser, dej\u00f3 en claro que muchas de sus ideas \u00abse asemejan con las del Presidente\u00bb. Adem\u00e1s, fue pol\u00e9mico al manifestar que \u00abmi propuesta es la libre portaci\u00f3n de armas para aquellas personas de bien, y con la habilitaci\u00f3n de la ley\u00bb. En ese marco, plante\u00f3 un proceso para lograr que se lleve a cabo en el distrito. Sin embargo, aclar\u00f3 que la primera opci\u00f3n es crear una polic\u00eda distrital encabezada por el Intendente.<\/p>\n\n\n\n<p>\u00abLa idea es tratar de participar, ni bien concluya la elecci\u00f3n, en el Concejo Deliberante de Mor\u00f3n como un edil m\u00e1s, para poder llevar propuestas y agregar algo diferente. Nuestro partido es provincial, muy nuevo, que tiene una idea que se asemeja a la del Presidente. Pero que tiene realidades dentro del distrito que debe amparar, comprender, y debe encarrilarse en ese curso. Nosotros no somos La Libertad Avanza\u00bb, explic\u00f3 en Radio B\u00fanker 94.9, en el programa \u00abEl Tanke de B\u00fanker\u00bb.<\/p>\n\n\n\n<p>\u00abHago alusi\u00f3n en el tema de seguridad y vial. Nosotros hacemos hincapi\u00e9, y creemos que hay corregir mucho en esos campos. Mi propuesta es la libre portaci\u00f3n de arma de fuego en Mor\u00f3n para aquellas personas de bien, y con habilitaci\u00f3n de la ley. Eso significa que hay muchos pasos, incluyendo capacitaci\u00f3n y concientizaci\u00f3n para portarlas, condicionado exclusivamente a la instauraci\u00f3n de una polic\u00eda local. Esta propuesta pasar\u00eda a segunda plano, en la medida que Mor\u00f3n tenga su propia polic\u00eda, como si fuese un distrito individual. Que la persona que los dirija est\u00e9 cabeza a cabeza con el Intendente, para que puedan dise\u00f1ar las pol\u00edticas en cuanto a un mapa del delito. Si eso no sucede, tendremos que armarnos legalmente\u00bb, agreg\u00f3 Selser.<\/p>\n\n\n\n<p>C\u00f3mo se implementa la libre portaci\u00f3n de armas en el municipio: \u00abHace 20 a\u00f1os, hubo una lista corta y local que hizo maravillas en el distrito, y que empez\u00f3 a gravitar a nivel provincial y, por momentos, nacional. As\u00ed es como se hacen las cosas, por empat\u00eda y contagio, y nunca de manera displicente o caprichosa. Decimos que de esta forma, podemos llegar a la Legislatura y que autorice esta nueva modalidad, en la medida de que el contrato social est\u00e9 suspendido. El contrato social es la \u00fanica funci\u00f3n que el pueblo le deleg\u00f3 al rey para acatar toda su normativa de dictador, monarca o emperador. El rey ten\u00eda que defenderlos no solamente de ellos, del invasor. En Argentina est\u00e1 roto, porque la inseguridad es muy alta. El Estado a trav\u00e9s de sus instituciones policiales, no nos protege. Entonces, tenemos que recurrir al Estado previo de la existencia de las leyes, nos preservamos a nosotros y nuestras familias de manera arcaicas, pero estatalmente habilitados y nunca haciendo justicia por mano propia\u00bb, dijo.<\/p>\n\n\n\n<p>\u00abEs ir llevando al conocimiento a aquellos que van a ser portadores de este instrumento, para que tengan la capacidad de portar un arma. Pero este es el segundo paso. El primero es ponerse las pilas, poner los polic\u00edas de proximidad que encabeza el Intendente, pero no lo quieren hacer\u00bb, insisti\u00f3 el candidato a Concejal.<\/p>\n\n\n\n<p>Por otra parte, se refiero a su propuesta local: \u00abLa suspensi\u00f3n inmediata de todos los dispositivos de fotomulta. Y no acaba ah\u00ed, sino que todas las que est\u00e1n en tr\u00e1mite de facturaci\u00f3n, hay que suspenderlas para evaluarlas si son aplicables. No las pueden advertir los vecinos, si no hay se\u00f1alizaci\u00f3n adecuada\u00bb, indic\u00f3.<\/p>\n\n\n\n<figure class=\"wp-block-embed is-type-wp-embed is-provider-sector-prensa wp-block-embed-sector-prensa\"><div class=\"wp-block-embed__wrapper\">\n<blockquote class=\"wp-embedded-content\" data-secret=\"OSXegr0Is5\"><a href=\"https:\/\/sectorprensa.com.ar\/?p=75230\">Mor\u00f3n distingui\u00f3 a entidades de la sociedad civil con el Reconocimiento Papa Francisco<\/a><\/blockquote><iframe loading=\"lazy\" class=\"wp-embedded-content\" sandbox=\"allow-scripts\" security=\"restricted\" style=\"position: absolute; clip: rect(1px, 1px, 1px, 1px);\" title=\"\u00abMor\u00f3n distingui\u00f3 a entidades de la sociedad civil con el Reconocimiento Papa Francisco\u00bb \u2014 Sector Prensa\" src=\"https:\/\/sectorprensa.com.ar\/?p=75230&#038;embed=true#?secret=CykOUDAn9E#?secret=OSXegr0Is5\" data-secret=\"OSXegr0Is5\" width=\"600\" height=\"338\" frameborder=\"0\" marginwidth=\"0\" marginheight=\"0\" scrolling=\"no\"><\/iframe>\n<\/div><\/figure>\n","protected":false},"excerpt":{"rendered":"<p>El candidato a Concejal de Mor\u00f3n por Valores Republicanos, dio a conocer sus propuestas. La m\u00e1s llamativa, la creaci\u00f3n de<\/p>\n","protected":false},"author":5,"featured_media":75421,"comment_status":"closed","ping_status":"closed","sticky":false,"template":"","format":"standard","meta":{"colormag_page_container_layout":"default_layout","colormag_page_sidebar_layout":"default_layout","footnotes":""},"categories":[6828,8],"tags":[5664,9565,19],"class_list":["post-75409","post","type-post","status-publish","format-standard","has-post-thumbnail","hentry","category-mas-destacadas","category-politica","tag-elecciones-legislativas","tag-italo-selser","tag-moron"],"_links":{"self":[{"href":"https:\/\/sectorprensa.com.ar\/index.php?rest_route=\/wp\/v2\/posts\/75409","targetHints":{"allow":["GET"]}}],"collection":[{"href":"https:\/\/sectorprensa.com.ar\/index.php?rest_route=\/wp\/v2\/posts"}],"about":[{"href":"https:\/\/sectorprensa.com.ar\/index.php?rest_route=\/wp\/v2\/types\/post"}],"author":[{"embeddable":true,"href":"https:\/\/sectorprensa.com.ar\/index.php?rest_route=\/wp\/v2\/users\/5"}],"replies":[{"embeddable":true,"href":"https:\/\/sectorprensa.com.ar\/index.php?rest_route=%2Fwp%2Fv2%2Fcomments&post=75409"}],"version-history":[{"count":2,"href":"https:\/\/sectorprensa.com.ar\/index.php?rest_route=\/wp\/v2\/posts\/75409\/revisions"}],"predecessor-version":[{"id":75423,"href":"https:\/\/sectorprensa.com.ar\/index.php?rest_route=\/wp\/v2\/posts\/75409\/revisions\/75423"}],"wp:featuredmedia":[{"embeddable":true,"href":"https:\/\/sectorprensa.com.ar\/index.php?rest_route=\/wp\/v2\/media\/75421"}],"wp:attachment":[{"href":"https:\/\/sectorprensa.com.ar\/index.php?rest_route=%2Fwp%2Fv2%2Fmedia&parent=75409"}],"wp:term":[{"taxonomy":"category","embeddable":true,"href":"https:\/\/sectorprensa.com.ar\/index.php?rest_route=%2Fwp%2Fv2%2Fcategories&post=75409"},{"taxonomy":"post_tag","embeddable":true,"href":"https:\/\/sectorprensa.com.ar\/index.php?rest_route=%2Fwp%2Fv2%2Ftags&post=75409"}],"curies":[{"name":"wp","href":"https:\/\/api.w.org\/{rel}","templated":true}]}}