{"id":75410,"date":"2025-09-03T16:39:09","date_gmt":"2025-09-03T19:39:09","guid":{"rendered":"https:\/\/sectorprensa.com.ar\/?p=75410"},"modified":"2025-09-04T00:29:36","modified_gmt":"2025-09-04T03:29:36","slug":"mariel-fernandez-hoy-no-es-un-dia-para-manifestarse","status":"publish","type":"post","link":"https:\/\/sectorprensa.com.ar\/?p=75410","title":{"rendered":"Mariel Fern\u00e1ndez: \u201cHoy no es un d\u00eda para manifestarse\u201d"},"content":{"rendered":"\n<p><strong>As\u00ed lo expres\u00f3 la intendenta en un video difundido en redes sociales.<\/strong><\/p>\n\n\n\n<p>La intendenta de Moreno, Mariel Fern\u00e1ndez, le pidi\u00f3 a los vecinos de la ciudad que no se manifiesten hoy en el acto de cierre de campa\u00f1a que realizar\u00e1 el presidente Javier Milei por cuestiones de seguridad y afirm\u00f3 que segu\u00eda el tema con \u201cmucha preocupaci\u00f3n\u201d.<\/p>\n\n\n\n<p>\u201cLes pido, por favor, a todas las familias tambi\u00e9n, que hoy no es un d\u00eda para manifestarse. Ni aunque a ustedes les parezca de manera inocente que van a estar con carteles en las inmediaciones del lugar les pido encarecidamente que hoy no lo hagan, no est\u00e9n en los alrededores\u201d, dijo Fern\u00e1ndez en un video difundido en redes sociales.<\/p>\n\n\n\n<p>Para la jefa comunal peronista, el oficialismo nacional busca un hecho de violencia para tapar las denuncias de presunta corrupci\u00f3n que emergieron en los \u00faltimos d\u00edas en el \u00e1rea de discapacidad, en la que est\u00e1 vinculada la hermana del mandatario y secretaria general de la Presidencia, Karina Milei.<\/p>\n\n\n\n<figure class=\"wp-block-embed is-type-rich is-provider-twitter wp-block-embed-twitter\"><div class=\"wp-block-embed__wrapper\">\n<blockquote class=\"twitter-tweet\" data-width=\"550\" data-dnt=\"true\"><p lang=\"es\" dir=\"ltr\">Lo que m\u00e1s me preocupa en este d\u00eda es la seguridad y la integridad de las familias de Moreno. El acto de Milei de hoy no es un lugar para manifestarse, les pido por favor que no vayan al acto y que se cuiden. <a href=\"https:\/\/t.co\/iOPfn9fbMV\">pic.twitter.com\/iOPfn9fbMV<\/a><\/p>&mdash; Mariel Fern\u00e1ndez (@marielfmoreno1) <a href=\"https:\/\/twitter.com\/marielfmoreno1\/status\/1963295957275046084?ref_src=twsrc%5Etfw\">September 3, 2025<\/a><\/blockquote><script async src=\"https:\/\/platform.twitter.com\/widgets.js\" charset=\"utf-8\"><\/script>\n<\/div><\/figure>\n\n\n\n<p>\u201cUstedes saben muy bien la cantidad de denuncias sobre corrupci\u00f3n que est\u00e1 teniendo el Gobierno nacional, donde est\u00e1 implicada la hermana del presidente. nosotros creemos que hay una estrategia para tratar de encubrir esa informaci\u00f3n, y por esa raz\u00f3n nos preocupa tanto el acto del d\u00eda de hoy\u201d, agreg\u00f3.<\/p>\n\n\n\n<p>Seg\u00fan Fern\u00e1ndez, \u201ccualquier tipo de hecho violento\u201d contra Milei \u201cva a ser noticia\u201d y le va a servir\u00eda al Ejecutivo nacional, en campa\u00f1a para las elecciones legislativas de la provincia de Buenos Aires del pr\u00f3ximo domingo, para \u201ctapar las graves denuncias y escuchas telef\u00f3nicas que hay sobre\u201d Karina Milei.<\/p>\n\n\n\n<p>\u201cMe preocupa la seguridad de los vecinos y vecinas de Moreno, principalmente por las declaraciones p\u00fablicas que est\u00e1 haciendo el Presidente, donde manifiesta que teme por un atentado contra su vida, pero que, sin embargo, hace el acto en un lugar abierto totalmente, porque lo hace en un club de barrio\u201d, sostuvo.<\/p>\n\n\n\n<p>En esa l\u00ednea, detall\u00f3 que el lugar no tiene problema con los ingresos porque se puede acceder desde la Ruta 23 y resalt\u00f3: \u201cAs\u00ed que ese no ser\u00eda el inconveniente, lo que a m\u00ed me preocupa es la integridad de los vecinos y vecinas de Moreno\u201d.<\/p>\n\n\n\n<p>\u201cYo s\u00e9 que hay mucho enojo por las personas con discapacidad, que de manera arbitraria les han dado de baja a su atenci\u00f3n, por los jubilados y jubiladas que tienen graves problemas econ\u00f3micos, y su jubilaci\u00f3n no les alcanza, y est\u00e1n caros los remedios\u201d, precis\u00f3 Fern\u00e1ndez.<\/p>\n\n\n\n<figure class=\"wp-block-embed is-type-wp-embed is-provider-sector-prensa wp-block-embed-sector-prensa\"><div class=\"wp-block-embed__wrapper\">\n<blockquote class=\"wp-embedded-content\" data-secret=\"5DoP0H54PF\"><a href=\"https:\/\/sectorprensa.com.ar\/?p=75371\">El ministro de Seguridad bonaerense advirti\u00f3 sobre riesgos en el acto de Milei en Moreno: \u201cTenemos que cuidar al Presidente\u201d<\/a><\/blockquote><iframe loading=\"lazy\" class=\"wp-embedded-content\" sandbox=\"allow-scripts\" security=\"restricted\" style=\"position: absolute; clip: rect(1px, 1px, 1px, 1px);\" title=\"\u00abEl ministro de Seguridad bonaerense advirti\u00f3 sobre riesgos en el acto de Milei en Moreno: \u201cTenemos que cuidar al Presidente\u201d\u00bb \u2014 Sector Prensa\" src=\"https:\/\/sectorprensa.com.ar\/?p=75371&#038;embed=true#?secret=Bw4u9M8sER#?secret=5DoP0H54PF\" data-secret=\"5DoP0H54PF\" width=\"600\" height=\"338\" frameborder=\"0\" marginwidth=\"0\" marginheight=\"0\" scrolling=\"no\"><\/iframe>\n<\/div><\/figure>\n","protected":false},"excerpt":{"rendered":"<p>As\u00ed lo expres\u00f3 la intendenta en un video difundido en redes sociales. La intendenta de Moreno, Mariel Fern\u00e1ndez, le pidi\u00f3<\/p>\n","protected":false},"author":6,"featured_media":75413,"comment_status":"closed","ping_status":"closed","sticky":false,"template":"","format":"standard","meta":{"colormag_page_container_layout":"default_layout","colormag_page_sidebar_layout":"default_layout","footnotes":""},"categories":[17,6828,2154,8],"tags":[],"class_list":["post-75410","post","type-post","status-publish","format-standard","has-post-thumbnail","hentry","category-destacadas","category-mas-destacadas","category-moreno","category-politica"],"_links":{"self":[{"href":"https:\/\/sectorprensa.com.ar\/index.php?rest_route=\/wp\/v2\/posts\/75410","targetHints":{"allow":["GET"]}}],"collection":[{"href":"https:\/\/sectorprensa.com.ar\/index.php?rest_route=\/wp\/v2\/posts"}],"about":[{"href":"https:\/\/sectorprensa.com.ar\/index.php?rest_route=\/wp\/v2\/types\/post"}],"author":[{"embeddable":true,"href":"https:\/\/sectorprensa.com.ar\/index.php?rest_route=\/wp\/v2\/users\/6"}],"replies":[{"embeddable":true,"href":"https:\/\/sectorprensa.com.ar\/index.php?rest_route=%2Fwp%2Fv2%2Fcomments&post=75410"}],"version-history":[{"count":1,"href":"https:\/\/sectorprensa.com.ar\/index.php?rest_route=\/wp\/v2\/posts\/75410\/revisions"}],"predecessor-version":[{"id":75412,"href":"https:\/\/sectorprensa.com.ar\/index.php?rest_route=\/wp\/v2\/posts\/75410\/revisions\/75412"}],"wp:featuredmedia":[{"embeddable":true,"href":"https:\/\/sectorprensa.com.ar\/index.php?rest_route=\/wp\/v2\/media\/75413"}],"wp:attachment":[{"href":"https:\/\/sectorprensa.com.ar\/index.php?rest_route=%2Fwp%2Fv2%2Fmedia&parent=75410"}],"wp:term":[{"taxonomy":"category","embeddable":true,"href":"https:\/\/sectorprensa.com.ar\/index.php?rest_route=%2Fwp%2Fv2%2Fcategories&post=75410"},{"taxonomy":"post_tag","embeddable":true,"href":"https:\/\/sectorprensa.com.ar\/index.php?rest_route=%2Fwp%2Fv2%2Ftags&post=75410"}],"curies":[{"name":"wp","href":"https:\/\/api.w.org\/{rel}","templated":true}]}}