{"id":75556,"date":"2025-09-09T09:59:28","date_gmt":"2025-09-09T12:59:28","guid":{"rendered":"https:\/\/sectorprensa.com.ar\/?p=75556"},"modified":"2025-09-09T09:59:29","modified_gmt":"2025-09-09T12:59:29","slug":"mario-secco-tenemos-una-propuesta-para-todo-el-pais-bastante-importante","status":"publish","type":"post","link":"https:\/\/sectorprensa.com.ar\/?p=75556","title":{"rendered":"Mario Secco: \u201ctenemos una propuesta para todo el pa\u00eds bastante importante\u201d"},"content":{"rendered":"\n<p><strong>El intendente de Ensenada habl\u00f3 tras el triunfo de Fuerza Patria en la provincia de Buenos Aires. \u201cEs un triunfo que tuvo el gobernador con toda su gente y tuvo un respaldo como corresponde\u201d, expres\u00f3.<\/strong><\/p>\n\n\n\n<p>Mario Secco, intendente de Ensenada, habl\u00f3 con Columna de Opini\u00f3n sobre el triunfo de Fuerza Patria en la provincia de Buenos Aires.<\/p>\n\n\n\n<p>\u201cSe trabajar\u00e1 en recuperar el gobierno nacional para todos los argentinos y no estar viviendo lo que estamos viviendo\u201d, comenz\u00f3 diciendo Secco.<\/p>\n\n\n\n<p>En este sentido, agreg\u00f3 que \u201cel pa\u00eds est\u00e1 mirando la elecci\u00f3n en la provincia de Buenos Aires, es un triunfo que tuvo el gobernador con toda su gente y tuvo un respaldo como corresponde\u201d.<\/p>\n\n\n\n<p>\u201cYo creo que tenemos una propuesta para todo el pa\u00eds bastante importante, hay que ver las otras propuestas para luego ver la mejor y recuperar el gobierno nacional, no somos la \u00fanica, somos una m\u00e1s de todas las que hay buenas\u201d, cerr\u00f3 el intendente de Ensenada, distrito donde tambi\u00e9n Fuerza Patria.<\/p>\n","protected":false},"excerpt":{"rendered":"<p>El intendente de Ensenada habl\u00f3 tras el triunfo de Fuerza Patria en la provincia de Buenos Aires. \u201cEs un triunfo<\/p>\n","protected":false},"author":6,"featured_media":75557,"comment_status":"closed","ping_status":"closed","sticky":false,"template":"","format":"standard","meta":{"colormag_page_container_layout":"default_layout","colormag_page_sidebar_layout":"default_layout","footnotes":""},"categories":[17,8,18],"tags":[],"class_list":["post-75556","post","type-post","status-publish","format-standard","has-post-thumbnail","hentry","category-destacadas","category-politica","category-provincia"],"_links":{"self":[{"href":"https:\/\/sectorprensa.com.ar\/index.php?rest_route=\/wp\/v2\/posts\/75556","targetHints":{"allow":["GET"]}}],"collection":[{"href":"https:\/\/sectorprensa.com.ar\/index.php?rest_route=\/wp\/v2\/posts"}],"about":[{"href":"https:\/\/sectorprensa.com.ar\/index.php?rest_route=\/wp\/v2\/types\/post"}],"author":[{"embeddable":true,"href":"https:\/\/sectorprensa.com.ar\/index.php?rest_route=\/wp\/v2\/users\/6"}],"replies":[{"embeddable":true,"href":"https:\/\/sectorprensa.com.ar\/index.php?rest_route=%2Fwp%2Fv2%2Fcomments&post=75556"}],"version-history":[{"count":1,"href":"https:\/\/sectorprensa.com.ar\/index.php?rest_route=\/wp\/v2\/posts\/75556\/revisions"}],"predecessor-version":[{"id":75558,"href":"https:\/\/sectorprensa.com.ar\/index.php?rest_route=\/wp\/v2\/posts\/75556\/revisions\/75558"}],"wp:featuredmedia":[{"embeddable":true,"href":"https:\/\/sectorprensa.com.ar\/index.php?rest_route=\/wp\/v2\/media\/75557"}],"wp:attachment":[{"href":"https:\/\/sectorprensa.com.ar\/index.php?rest_route=%2Fwp%2Fv2%2Fmedia&parent=75556"}],"wp:term":[{"taxonomy":"category","embeddable":true,"href":"https:\/\/sectorprensa.com.ar\/index.php?rest_route=%2Fwp%2Fv2%2Fcategories&post=75556"},{"taxonomy":"post_tag","embeddable":true,"href":"https:\/\/sectorprensa.com.ar\/index.php?rest_route=%2Fwp%2Fv2%2Ftags&post=75556"}],"curies":[{"name":"wp","href":"https:\/\/api.w.org\/{rel}","templated":true}]}}