{"id":75595,"date":"2025-09-10T10:32:44","date_gmt":"2025-09-10T13:32:44","guid":{"rendered":"https:\/\/sectorprensa.com.ar\/?p=75595"},"modified":"2025-09-10T10:32:45","modified_gmt":"2025-09-10T13:32:45","slug":"lucas-ghi-el-estado-es-el-instrumento-para-llevar-a-cabo-lo-que-falta-en-la-ciudad","status":"publish","type":"post","link":"https:\/\/sectorprensa.com.ar\/?p=75595","title":{"rendered":"Lucas Ghi: \u201cEl Estado es el instrumento para llevar a cabo lo que falta en la ciudad\u201d"},"content":{"rendered":"\n<p><strong>El intendente de Mor\u00f3n repas\u00f3 con periodistas el plan integral de obras y subray\u00f3 la importancia del Estado para concretarlas.<\/strong><\/p>\n\n\n\n<p>El intendente de Mor\u00f3n, Lucas Ghi, mantuvo este martes un encuentro con periodistas luego del proceso electoral. Durante la reuni\u00f3n repas\u00f3 el plan integral de obras que impulsa el Municipio y destac\u00f3 el rol del Estado en la concreci\u00f3n de los proyectos: \u201cSoy consciente de lo mucho que falta en la ciudad. Y tambi\u00e9n creo que se realiza con el Estado como instrumento. No es contra el Estado, sino mejor\u00e1ndolo es como se llega a responder\u201d.<\/p>\n\n\n\n<p>Uno de los ejes centrales de la gesti\u00f3n es la inversi\u00f3n en seguridad. En este sentido, Ghi afirm\u00f3 que existe una decisi\u00f3n de \u201cavanzar con todo lo que tiene que ver con seguridad y prevenci\u00f3n. Adem\u00e1s, hay una infraestructura b\u00e1sica que a\u00fan nos queda pendiente. Es un poco de red de agua potable para completar el anillo y otro poco de asfalto para sumar nuevas cuadras\u201d.<\/p>\n\n\n\n<p>Respecto al predio de Arenil, el jefe comunal explic\u00f3 que el gobierno local \u201cest\u00e1 trabajando para tomar la posesi\u00f3n del terreno. Hay un proceso de quiebra en curso y frente a eso le pedimos al Concejo Deliberante la autorizaci\u00f3n para destinar una determinada suma de dinero a esa quiebra. De esa manera, podemos responder a las acreencias acreditadas en el expediente y que la Justicia entienda que podr\u00edamos hacernos cargo del lugar\u201d. Y agreg\u00f3: \u201cHay una cuesti\u00f3n que nos juega a favor, que es que en el estatuto de Arenil estaba previsto que en caso de disoluci\u00f3n el predio pasara al Hospital de Mor\u00f3n, al patrimonio municipal. Es un predio que, m\u00e1s all\u00e1 del valor afectivo, es estrat\u00e9gico por su ubicaci\u00f3n y dimensiones. All\u00ed estamos proyectando un polo de atenci\u00f3n, asistencia y prevenci\u00f3n para adultos mayores\u201d.<\/p>\n\n\n\n<p>En otro tramo de la charla, Ghi adelant\u00f3 que \u201cantes de fin de a\u00f1o estaremos logrando la ampliaci\u00f3n del Parque Industrial La Cant\u00e1brica. Ser\u00e1n otras 10 hect\u00e1reas m\u00e1s que nos van a permitir emplazar nuevos emprendimientos en el distrito. Una parte ser\u00e1 para empresas que necesitan ampliarse, otra para firmas que ya est\u00e1n en Mor\u00f3n y quieran radicarse en el predio, y otra para compa\u00f1\u00edas de la regi\u00f3n que quieran instalarse all\u00ed\u201d. El intendente destac\u00f3 que este tipo de proyectos son fundamentales para continuar generando empleo, desarrollo y consumo local.<\/p>\n\n\n\n<p>\u201cTenemos un compromiso del Gobierno nacional de que antes de fin de a\u00f1o enviar\u00e1 los materiales para culminar el puente vehicular de Haedo, que tiene sentido sur-norte. Y nosotros nos encargaremos de la obra. Una vez finalizado, se avanzar\u00e1 con el siguiente\u201d, afirm\u00f3 Ghi.<\/p>\n\n\n\n<p>Por \u00faltimo, se\u00f1al\u00f3 que en un plazo de 60 d\u00edas estar\u00e1 finalizado el nuevo espacio p\u00fablico ubicado detr\u00e1s del supermercado Coto y que, a trav\u00e9s de una articulaci\u00f3n con el sector privado, se realizar\u00e1n intervenciones de relanzamiento en lo que fuera el Showcenter, con una inversi\u00f3n significativa para Mor\u00f3n.<\/p>\n","protected":false},"excerpt":{"rendered":"<p>El intendente de Mor\u00f3n repas\u00f3 con periodistas el plan integral de obras y subray\u00f3 la importancia del Estado para concretarlas.<\/p>\n","protected":false},"author":6,"featured_media":75596,"comment_status":"closed","ping_status":"closed","sticky":false,"template":"","format":"standard","meta":{"colormag_page_container_layout":"default_layout","colormag_page_sidebar_layout":"default_layout","footnotes":""},"categories":[6828,5,8],"tags":[],"class_list":["post-75595","post","type-post","status-publish","format-standard","has-post-thumbnail","hentry","category-mas-destacadas","category-moron","category-politica"],"_links":{"self":[{"href":"https:\/\/sectorprensa.com.ar\/index.php?rest_route=\/wp\/v2\/posts\/75595","targetHints":{"allow":["GET"]}}],"collection":[{"href":"https:\/\/sectorprensa.com.ar\/index.php?rest_route=\/wp\/v2\/posts"}],"about":[{"href":"https:\/\/sectorprensa.com.ar\/index.php?rest_route=\/wp\/v2\/types\/post"}],"author":[{"embeddable":true,"href":"https:\/\/sectorprensa.com.ar\/index.php?rest_route=\/wp\/v2\/users\/6"}],"replies":[{"embeddable":true,"href":"https:\/\/sectorprensa.com.ar\/index.php?rest_route=%2Fwp%2Fv2%2Fcomments&post=75595"}],"version-history":[{"count":1,"href":"https:\/\/sectorprensa.com.ar\/index.php?rest_route=\/wp\/v2\/posts\/75595\/revisions"}],"predecessor-version":[{"id":75597,"href":"https:\/\/sectorprensa.com.ar\/index.php?rest_route=\/wp\/v2\/posts\/75595\/revisions\/75597"}],"wp:featuredmedia":[{"embeddable":true,"href":"https:\/\/sectorprensa.com.ar\/index.php?rest_route=\/wp\/v2\/media\/75596"}],"wp:attachment":[{"href":"https:\/\/sectorprensa.com.ar\/index.php?rest_route=%2Fwp%2Fv2%2Fmedia&parent=75595"}],"wp:term":[{"taxonomy":"category","embeddable":true,"href":"https:\/\/sectorprensa.com.ar\/index.php?rest_route=%2Fwp%2Fv2%2Fcategories&post=75595"},{"taxonomy":"post_tag","embeddable":true,"href":"https:\/\/sectorprensa.com.ar\/index.php?rest_route=%2Fwp%2Fv2%2Ftags&post=75595"}],"curies":[{"name":"wp","href":"https:\/\/api.w.org\/{rel}","templated":true}]}}