{"id":75837,"date":"2025-09-18T11:20:32","date_gmt":"2025-09-18T14:20:32","guid":{"rendered":"https:\/\/sectorprensa.com.ar\/?p=75837"},"modified":"2025-09-18T11:20:33","modified_gmt":"2025-09-18T14:20:33","slug":"tragedia-en-merlo-una-policia-murio-tras-ser-embestida-por-un-colectivo","status":"publish","type":"post","link":"https:\/\/sectorprensa.com.ar\/?p=75837","title":{"rendered":"Tragedia en Merlo: una polic\u00eda muri\u00f3 tras ser embestida por un colectivo"},"content":{"rendered":"\n<p><strong>La teniente primero Mar\u00eda Cecilia L., de 39 a\u00f1os, perdi\u00f3 la vida luego de chocar contra la puerta de una camioneta y ser arrollada por un colectivo de la empresa 216. Su pareja result\u00f3 gravemente herido y se investigan las responsabilidades del hecho.<\/strong><\/p>\n\n\n\n<p>Una mujer polic\u00eda falleci\u00f3 este mi\u00e9rcoles en un violento accidente ocurrido en la colectora de la Ruta 40, a la altura de Padre Mujica, en Merlo. La v\u00edctima, identificada como Mar\u00eda Cecilia L., teniente primero de la Comisar\u00eda de la Mujer de Moreno, circulaba en moto junto a su pareja cuando impact\u00f3 contra la puerta de una camioneta que se abri\u00f3 de manera repentina. Tras perder el control, fue embestida por un colectivo de la empresa 216, l\u00ednea 504, cuyo chofer no logr\u00f3 frenar a tiempo.<\/p>\n\n\n\n<p>De acuerdo con las primeras pericias, la oficial de 39 a\u00f1os conduc\u00eda una Honda Wave 110 cuando una Ford Ranger detuvo su marcha frente a un comercio de cer\u00e1micas. En ese momento, el conductor del veh\u00edculo, Miguel E., de 70 a\u00f1os, abri\u00f3 la puerta del lado izquierdo, provocando que la moto colisionara. La agente cay\u00f3 hacia el centro de la calzada, justo en el momento en que pasaba el interno 158 del transporte p\u00fablico.<\/p>\n\n\n\n<p>La mujer muri\u00f3 en el acto, mientras que su pareja sufri\u00f3 lesiones graves y fue trasladado de urgencia al Hospital Eva Per\u00f3n. El fiscal Javier Ghessi, de la UFI N\u00b0 1 de Mor\u00f3n, orden\u00f3 la recolecci\u00f3n de im\u00e1genes de c\u00e1maras de seguridad y la realizaci\u00f3n de peritajes para esclarecer el accidente y definir las responsabilidades.<\/p>\n\n\n\n<p>Por el momento, la causa est\u00e1 caratulada como homicidio culposo y lesiones culposas, e involucra tanto al conductor de la camioneta, se\u00f1alado como el principal responsable, como al colectivero Ram\u00f3n M., de 54 a\u00f1os. Los tres veh\u00edculos implicados quedaron secuestrados para las pericias correspondientes.<\/p>\n","protected":false},"excerpt":{"rendered":"<p>La teniente primero Mar\u00eda Cecilia L., de 39 a\u00f1os, perdi\u00f3 la vida luego de chocar contra la puerta de una<\/p>\n","protected":false},"author":6,"featured_media":75838,"comment_status":"closed","ping_status":"closed","sticky":false,"template":"","format":"standard","meta":{"colormag_page_container_layout":"default_layout","colormag_page_sidebar_layout":"default_layout","footnotes":""},"categories":[17,7,12],"tags":[],"class_list":["post-75837","post","type-post","status-publish","format-standard","has-post-thumbnail","hentry","category-destacadas","category-merlo","category-policiales"],"_links":{"self":[{"href":"https:\/\/sectorprensa.com.ar\/index.php?rest_route=\/wp\/v2\/posts\/75837","targetHints":{"allow":["GET"]}}],"collection":[{"href":"https:\/\/sectorprensa.com.ar\/index.php?rest_route=\/wp\/v2\/posts"}],"about":[{"href":"https:\/\/sectorprensa.com.ar\/index.php?rest_route=\/wp\/v2\/types\/post"}],"author":[{"embeddable":true,"href":"https:\/\/sectorprensa.com.ar\/index.php?rest_route=\/wp\/v2\/users\/6"}],"replies":[{"embeddable":true,"href":"https:\/\/sectorprensa.com.ar\/index.php?rest_route=%2Fwp%2Fv2%2Fcomments&post=75837"}],"version-history":[{"count":1,"href":"https:\/\/sectorprensa.com.ar\/index.php?rest_route=\/wp\/v2\/posts\/75837\/revisions"}],"predecessor-version":[{"id":75839,"href":"https:\/\/sectorprensa.com.ar\/index.php?rest_route=\/wp\/v2\/posts\/75837\/revisions\/75839"}],"wp:featuredmedia":[{"embeddable":true,"href":"https:\/\/sectorprensa.com.ar\/index.php?rest_route=\/wp\/v2\/media\/75838"}],"wp:attachment":[{"href":"https:\/\/sectorprensa.com.ar\/index.php?rest_route=%2Fwp%2Fv2%2Fmedia&parent=75837"}],"wp:term":[{"taxonomy":"category","embeddable":true,"href":"https:\/\/sectorprensa.com.ar\/index.php?rest_route=%2Fwp%2Fv2%2Fcategories&post=75837"},{"taxonomy":"post_tag","embeddable":true,"href":"https:\/\/sectorprensa.com.ar\/index.php?rest_route=%2Fwp%2Fv2%2Ftags&post=75837"}],"curies":[{"name":"wp","href":"https:\/\/api.w.org\/{rel}","templated":true}]}}