{"id":76631,"date":"2025-10-18T11:21:53","date_gmt":"2025-10-18T14:21:53","guid":{"rendered":"https:\/\/sectorprensa.com.ar\/?p=76631"},"modified":"2025-10-18T11:21:55","modified_gmt":"2025-10-18T14:21:55","slug":"ituzaingo-pablo-descalzo-recorrio-la-obra-de-la-reserva-natural-del-rio-reconquista","status":"publish","type":"post","link":"https:\/\/sectorprensa.com.ar\/?p=76631","title":{"rendered":"Ituzaing\u00f3: Pablo Descalzo recorri\u00f3 la obra de la Reserva Natural del R\u00edo Reconquista"},"content":{"rendered":"\n<p><strong>El intendente de Ituzaing\u00f3, Pablo Descalzo, junto al presidente del COMIREC, Daniel Larrache, recorrieron los avances de la Reserva Natural Urbana del R\u00edo Reconquista. La obra, que ya alcanza un 70% de progreso, busca recuperar 26 hect\u00e1reas para la preservaci\u00f3n ambiental, la investigaci\u00f3n cient\u00edfica y el disfrute de la comunidad.<\/strong><\/p>\n\n\n\n<p>El intendente de Ituzaing\u00f3 Pablo Descalzo y el presidente del Comit\u00e9 de Cuenca del R\u00edo Reconquista (COMIREC) Daniel Larrache, supervisaron los avances de la obra de la Reserva Natural Urbana del R\u00edo Reconquista, ubicada en Autopista Camino del Buen Ayre y Mart\u00edn Fierro.<\/p>\n\n\n\n<p>Los trabajos de puesta en valor, que est\u00e1n completados en un 70%, son realizados por el Gobierno Municipal y el Gobierno de la provincia de Buenos Aires, a trav\u00e9s del COMIREC. Estos incluyen el acondicionamiento de 26 hect\u00e1reas linderas al r\u00edo para el desarrollo de la investigaci\u00f3n y la preservaci\u00f3n de la flora y fauna aut\u00f3ctonas.&nbsp;<\/p>\n\n\n\n<p>Adem\u00e1s, contempla la construcci\u00f3n de senderos y puentes peatonales; un centro de servicios; y espacios destinados a la recreaci\u00f3n y a la divulgaci\u00f3n cient\u00edfica, como un invern\u00e1culo, miradores y puntos de observaci\u00f3n de aves.<\/p>\n\n\n\n<figure class=\"wp-block-embed is-type-rich is-provider-twitter wp-block-embed-twitter\"><div class=\"wp-block-embed__wrapper\">\n<blockquote class=\"twitter-tweet\" data-width=\"550\" data-dnt=\"true\"><p lang=\"es\" dir=\"ltr\">\ud83c\udf33 Avanzamos con la construcci\u00f3n de la Reserva Natural \u201cR\u00edo Reconquista\u201d en <a href=\"https:\/\/twitter.com\/hashtag\/Ituzaing%C3%B3?src=hash&amp;ref_src=twsrc%5Etfw\">#Ituzaing\u00f3<\/a><br><br>El predio de 27 hect\u00e1reas se transformar\u00e1 en un centro de interpretaci\u00f3n dedicado a la conservaci\u00f3n ambiental, la recreaci\u00f3n y la educaci\u00f3n, beneficiando a m\u00e1s de 170.000 bonaerenses.<br><br>\u00a1Mir\u00e1! <a href=\"https:\/\/t.co\/RERgXV8WQm\">pic.twitter.com\/RERgXV8WQm<\/a><\/p>&mdash; Ministerio de Infraestructura y Servicios P\u00fablicos (@MInfraPBA) <a href=\"https:\/\/twitter.com\/MInfraPBA\/status\/1975209478028202459?ref_src=twsrc%5Etfw\">October 6, 2025<\/a><\/blockquote><script async src=\"https:\/\/platform.twitter.com\/widgets.js\" charset=\"utf-8\"><\/script>\n<\/div><\/figure>\n\n\n\n<p>Al finalizar el recorrido, Pablo Descalzo destac\u00f3: \u201cEste es un proyecto en el que venimos trabajando hace muchos a\u00f1os con organizaciones vinculadas al cuidado de la flora y la fauna, que hoy nos acompa\u00f1aron para ver el avance de los trabajos\u201d. Y agreg\u00f3: \u201cEn Ituzaing\u00f3, el cuidado y la preservaci\u00f3n del ambiente y la biodiversidad es una prioridad, que tenemos en cuenta a la hora de planificar el desarrollo de nuestra ciudad\u201d.<\/p>\n\n\n\n<p>Tambi\u00e9n participaron de la visita a la reserva el secretario de Planificaci\u00f3n, Desarrollo Urbano y Ambiente, Mart\u00edn Rossi; la subsecretaria de Ambiente y Desarrollo Sostenible, D\u00e9bora Guerra; y organizaciones civiles e instituciones que forman parte del Consejo Consultivo del R\u00edo Reconquista, como el Centro Oeste de Estudios Pol\u00edticos y Socio Ambientales (COEPSA); el Instituto Nacional de Tecnolog\u00eda Agropecuaria (INTA); y el Club de Observadores de Aves \u201cBicho Feo\u201d.<\/p>\n","protected":false},"excerpt":{"rendered":"<p>El intendente de Ituzaing\u00f3, Pablo Descalzo, junto al presidente del COMIREC, Daniel Larrache, recorrieron los avances de la Reserva Natural<\/p>\n","protected":false},"author":6,"featured_media":76632,"comment_status":"closed","ping_status":"closed","sticky":false,"template":"","format":"standard","meta":{"colormag_page_container_layout":"default_layout","colormag_page_sidebar_layout":"default_layout","footnotes":""},"categories":[17,4,8,10],"tags":[],"class_list":["post-76631","post","type-post","status-publish","format-standard","has-post-thumbnail","hentry","category-destacadas","category-ituzaingo","category-politica","category-sociedad"],"_links":{"self":[{"href":"https:\/\/sectorprensa.com.ar\/index.php?rest_route=\/wp\/v2\/posts\/76631","targetHints":{"allow":["GET"]}}],"collection":[{"href":"https:\/\/sectorprensa.com.ar\/index.php?rest_route=\/wp\/v2\/posts"}],"about":[{"href":"https:\/\/sectorprensa.com.ar\/index.php?rest_route=\/wp\/v2\/types\/post"}],"author":[{"embeddable":true,"href":"https:\/\/sectorprensa.com.ar\/index.php?rest_route=\/wp\/v2\/users\/6"}],"replies":[{"embeddable":true,"href":"https:\/\/sectorprensa.com.ar\/index.php?rest_route=%2Fwp%2Fv2%2Fcomments&post=76631"}],"version-history":[{"count":1,"href":"https:\/\/sectorprensa.com.ar\/index.php?rest_route=\/wp\/v2\/posts\/76631\/revisions"}],"predecessor-version":[{"id":76633,"href":"https:\/\/sectorprensa.com.ar\/index.php?rest_route=\/wp\/v2\/posts\/76631\/revisions\/76633"}],"wp:featuredmedia":[{"embeddable":true,"href":"https:\/\/sectorprensa.com.ar\/index.php?rest_route=\/wp\/v2\/media\/76632"}],"wp:attachment":[{"href":"https:\/\/sectorprensa.com.ar\/index.php?rest_route=%2Fwp%2Fv2%2Fmedia&parent=76631"}],"wp:term":[{"taxonomy":"category","embeddable":true,"href":"https:\/\/sectorprensa.com.ar\/index.php?rest_route=%2Fwp%2Fv2%2Fcategories&post=76631"},{"taxonomy":"post_tag","embeddable":true,"href":"https:\/\/sectorprensa.com.ar\/index.php?rest_route=%2Fwp%2Fv2%2Ftags&post=76631"}],"curies":[{"name":"wp","href":"https:\/\/api.w.org\/{rel}","templated":true}]}}