{"id":76636,"date":"2025-10-18T11:21:40","date_gmt":"2025-10-18T14:21:40","guid":{"rendered":"https:\/\/sectorprensa.com.ar\/?p=76636"},"modified":"2025-10-18T11:21:42","modified_gmt":"2025-10-18T14:21:42","slug":"cristina-kirchner-la-economia-esta-manejada-a-control-remoto-desde-estados-unidos","status":"publish","type":"post","link":"https:\/\/sectorprensa.com.ar\/?p=76636","title":{"rendered":"Cristina Kirchner: \u201cLa econom\u00eda est\u00e1 manejada a control remoto desde Estados Unidos\u201d"},"content":{"rendered":"\n<p><strong>En el 80 aniversario del D\u00eda de la Lealtad peronista, la expresidenta dijo que Milei es el \u201cempleado del mes\u201d de Trump.<\/strong><\/p>\n\n\n\n<p>La ex presidenta Cristina Kirchner critic\u00f3 este viernes al gobierno de Javier Milei al afirmar que \u201cla econom\u00eda est\u00e1 manejada a control remoto desde Estados Unidos\u201d y asegur\u00f3 que en las elecciones legislativas del 26 de octubre deber\u00e1 elegirse entre el presidente libertario o \u201cArgentina\u201d.<\/p>\n\n\n\n<p>Al calificar a Milei de \u201cempleador del mes\u201d del mandatario estadounidense, Donald Trump, la ex mandataria plante\u00f3 en un mensaje emitido por el D\u00eda de la Lealtad que \u201calgunos pretenden volver a los tiempos en los que la soberan\u00eda argentina se decid\u00eda en una embajada\u201d.<\/p>\n\n\n\n<p>\u201c80 a\u00f1os despu\u00e9s nos ponen en la misma disyuntiva: en aquel entonces era Braden o Per\u00f3n, hoy pareciera ser Bessent o Per\u00f3n\u201d, sentenci\u00f3 Fern\u00e1ndez de Kirchner.<\/p>\n\n\n\n<p>En tanto, la ex mandataria consider\u00f3 que el verdadero problema de la Argentina no es la \u201cinjerencia extranjera\u201d, sino la \u201cincapacidad de la derecha y el poder econ\u00f3mico para proponer un proyecto que incluya a todos los argentinos\u201d.<\/p>\n\n\n\n<p>Asimismo, cuestion\u00f3 el acuerdo entre Milei y Trump al afirmar que el Tesoro de ese pa\u00eds \u201cno compra pesos\u201d sino que est\u00e1 \u201ccomprando tiempo para que los especuladores salgan del laberinto financiero que ellos mismos armaron\u201d.<\/p>\n\n\n\n<p>\u201cEsto ya lo vimos antes, es el mismo gui\u00f3n de la dependencia. La econom\u00eda est\u00e1 manejada a control remoto desde Estados Unidos\u201d, plante\u00f3.<\/p>\n\n\n\n<p>Y a\u00f1adi\u00f3 que cuando \u201clos poderosos de afuera quieren decidir qui\u00e9n gobierna, la respuesta tiene que ser la misma que hace 80 a\u00f1os: la soberan\u00eda no se negocia\u201d, tras lo cual cerr\u00f3: \u201cEl 26 es Milei o Argentina\u201d.<\/p>\n\n\n\n<p>Las palabras de la ex mandataria se produjeron en el marco de los 80 a\u00f1os del D\u00eda de la Lealtad peronista, fecha para la que el kirchnerismo se acerc\u00f3 por la tarde hacia San Jos\u00e9 1111 desde diferentes puntos de la ciudad de Buenos Aires.<\/p>\n\n\n\n<p>Desde all\u00ed se emiti\u00f3 el mensaje grabado por audio en el domicilio en el que la ex mandataria cumple prisi\u00f3n domiciliaria.<\/p>\n","protected":false},"excerpt":{"rendered":"<p>En el 80 aniversario del D\u00eda de la Lealtad peronista, la expresidenta dijo que Milei es el \u201cempleado del mes\u201d<\/p>\n","protected":false},"author":6,"featured_media":76637,"comment_status":"closed","ping_status":"closed","sticky":false,"template":"","format":"standard","meta":{"colormag_page_container_layout":"default_layout","colormag_page_sidebar_layout":"default_layout","footnotes":""},"categories":[17,8],"tags":[],"class_list":["post-76636","post","type-post","status-publish","format-standard","has-post-thumbnail","hentry","category-destacadas","category-politica"],"_links":{"self":[{"href":"https:\/\/sectorprensa.com.ar\/index.php?rest_route=\/wp\/v2\/posts\/76636","targetHints":{"allow":["GET"]}}],"collection":[{"href":"https:\/\/sectorprensa.com.ar\/index.php?rest_route=\/wp\/v2\/posts"}],"about":[{"href":"https:\/\/sectorprensa.com.ar\/index.php?rest_route=\/wp\/v2\/types\/post"}],"author":[{"embeddable":true,"href":"https:\/\/sectorprensa.com.ar\/index.php?rest_route=\/wp\/v2\/users\/6"}],"replies":[{"embeddable":true,"href":"https:\/\/sectorprensa.com.ar\/index.php?rest_route=%2Fwp%2Fv2%2Fcomments&post=76636"}],"version-history":[{"count":1,"href":"https:\/\/sectorprensa.com.ar\/index.php?rest_route=\/wp\/v2\/posts\/76636\/revisions"}],"predecessor-version":[{"id":76638,"href":"https:\/\/sectorprensa.com.ar\/index.php?rest_route=\/wp\/v2\/posts\/76636\/revisions\/76638"}],"wp:featuredmedia":[{"embeddable":true,"href":"https:\/\/sectorprensa.com.ar\/index.php?rest_route=\/wp\/v2\/media\/76637"}],"wp:attachment":[{"href":"https:\/\/sectorprensa.com.ar\/index.php?rest_route=%2Fwp%2Fv2%2Fmedia&parent=76636"}],"wp:term":[{"taxonomy":"category","embeddable":true,"href":"https:\/\/sectorprensa.com.ar\/index.php?rest_route=%2Fwp%2Fv2%2Fcategories&post=76636"},{"taxonomy":"post_tag","embeddable":true,"href":"https:\/\/sectorprensa.com.ar\/index.php?rest_route=%2Fwp%2Fv2%2Ftags&post=76636"}],"curies":[{"name":"wp","href":"https:\/\/api.w.org\/{rel}","templated":true}]}}