{"id":76683,"date":"2025-10-20T09:09:40","date_gmt":"2025-10-20T12:09:40","guid":{"rendered":"https:\/\/sectorprensa.com.ar\/?p=76683"},"modified":"2025-10-20T09:09:40","modified_gmt":"2025-10-20T12:09:40","slug":"otro-caso-similar-un-policia-mato-a-un-delincuente-de-16-anos-que-intento-asaltarlo-en-el-palomar","status":"publish","type":"post","link":"https:\/\/sectorprensa.com.ar\/?p=76683","title":{"rendered":"Otro caso similar: un polic\u00eda mat\u00f3 a un delincuente de 16 a\u00f1os que intent\u00f3 asaltarlo en El Palomar"},"content":{"rendered":"\n<p><strong>Un efectivo de la Polic\u00eda Local de Ituzaing\u00f3 mat\u00f3 a un adolescente armado que intent\u00f3 robarle su camioneta junto a dos c\u00f3mplices en la localidad de El Palomar. Es el segundo caso similar ocurrido en 48 horas en el distrito de Mor\u00f3n.<\/strong><\/p>\n\n\n\n<p>Un nuevo intento de robo termin\u00f3 en tragedia en El Palomar. Un adolescente de 16 a\u00f1os, identificado como Ariel Mu\u00f1oz, fue abatido por un agente de la Polic\u00eda Local de Ituzaing\u00f3 que se defendi\u00f3 del asalto a mano armada cuando los delincuentes intentaron robarle su veh\u00edculo. El hecho ocurri\u00f3 en la intersecci\u00f3n de Ceferino Namuncur\u00e1 y Pampa, en el partido de Mor\u00f3n.<\/p>\n\n\n\n<p>Seg\u00fan informaron fuentes judiciales, el menor subi\u00f3 al veh\u00edculo del lado del acompa\u00f1ante y apunt\u00f3 al polic\u00eda con un arma para exigirle que entregara sus pertenencias. Dos c\u00f3mplices se ubicaron en la parte trasera de la camioneta Chery Tiggo gris, y entre los tres le sustrajeron el celular y las llaves. Cuando intentaron obligarlo a descender, el efectivo dio la voz de alto y dispar\u00f3 para evitar el robo. Uno de los asaltantes result\u00f3 herido de gravedad.<\/p>\n\n\n\n<p>Tras el tiroteo, los c\u00f3mplices del joven herido lo subieron nuevamente al veh\u00edculo y huyeron del lugar. Minutos m\u00e1s tarde, el adolescente ingres\u00f3 al Hospital Posadas sin vida, trasladado por dos hombres y una mujer que conduc\u00eda un auto particular. Los dos acompa\u00f1antes quedaron detenidos, mientras que la mujer \u2014t\u00eda de uno de ellos\u2014 fue liberada, ya que solo habr\u00eda colaborado en el traslado de urgencia.<\/p>\n\n\n\n<p>De acuerdo con las fuentes policiales, no se hallaron armas de fuego en poder de los detenidos ni del fallecido, por lo que se sospecha que fueron descartadas durante la huida. El fiscal Pablo Cabrejas, a cargo de la Fiscal\u00eda de Responsabilidad Penal Juvenil N\u00b0 2 de Mor\u00f3n, orden\u00f3 la aprehensi\u00f3n de los sospechosos para determinar su participaci\u00f3n en el hecho.<\/p>\n\n\n\n<p>El efectivo policial, que result\u00f3 ileso, no fue imputado ya que la Justicia consider\u00f3 que actu\u00f3 en leg\u00edtima defensa. Este episodio se suma a otro ocurrido recientemente en la misma localidad, en el que un comisario retirado abati\u00f3 a dos delincuentes tras ser v\u00edctima de un intento de robo.<\/p>\n\n\n\n<figure class=\"wp-block-embed is-type-wp-embed is-provider-sector-prensa wp-block-embed-sector-prensa\"><div class=\"wp-block-embed__wrapper\">\n<blockquote class=\"wp-embedded-content\" data-secret=\"wGymNlqeTO\"><a href=\"https:\/\/sectorprensa.com.ar\/?p=76642\">Comisario retirado abati\u00f3 a dos delincuentes que intentaron asaltarlo en El Palomar<\/a><\/blockquote><iframe loading=\"lazy\" class=\"wp-embedded-content\" sandbox=\"allow-scripts\" security=\"restricted\" style=\"position: absolute; clip: rect(1px, 1px, 1px, 1px);\" title=\"\u00abComisario retirado abati\u00f3 a dos delincuentes que intentaron asaltarlo en El Palomar\u00bb \u2014 Sector Prensa\" src=\"https:\/\/sectorprensa.com.ar\/?p=76642&#038;embed=true#?secret=FGjFACvBNM#?secret=wGymNlqeTO\" data-secret=\"wGymNlqeTO\" width=\"600\" height=\"338\" frameborder=\"0\" marginwidth=\"0\" marginheight=\"0\" scrolling=\"no\"><\/iframe>\n<\/div><\/figure>\n","protected":false},"excerpt":{"rendered":"<p>Un efectivo de la Polic\u00eda Local de Ituzaing\u00f3 mat\u00f3 a un adolescente armado que intent\u00f3 robarle su camioneta junto a<\/p>\n","protected":false},"author":6,"featured_media":76684,"comment_status":"closed","ping_status":"closed","sticky":false,"template":"","format":"standard","meta":{"colormag_page_container_layout":"default_layout","colormag_page_sidebar_layout":"default_layout","footnotes":""},"categories":[17,5,12],"tags":[],"class_list":["post-76683","post","type-post","status-publish","format-standard","has-post-thumbnail","hentry","category-destacadas","category-moron","category-policiales"],"_links":{"self":[{"href":"https:\/\/sectorprensa.com.ar\/index.php?rest_route=\/wp\/v2\/posts\/76683","targetHints":{"allow":["GET"]}}],"collection":[{"href":"https:\/\/sectorprensa.com.ar\/index.php?rest_route=\/wp\/v2\/posts"}],"about":[{"href":"https:\/\/sectorprensa.com.ar\/index.php?rest_route=\/wp\/v2\/types\/post"}],"author":[{"embeddable":true,"href":"https:\/\/sectorprensa.com.ar\/index.php?rest_route=\/wp\/v2\/users\/6"}],"replies":[{"embeddable":true,"href":"https:\/\/sectorprensa.com.ar\/index.php?rest_route=%2Fwp%2Fv2%2Fcomments&post=76683"}],"version-history":[{"count":3,"href":"https:\/\/sectorprensa.com.ar\/index.php?rest_route=\/wp\/v2\/posts\/76683\/revisions"}],"predecessor-version":[{"id":76696,"href":"https:\/\/sectorprensa.com.ar\/index.php?rest_route=\/wp\/v2\/posts\/76683\/revisions\/76696"}],"wp:featuredmedia":[{"embeddable":true,"href":"https:\/\/sectorprensa.com.ar\/index.php?rest_route=\/wp\/v2\/media\/76684"}],"wp:attachment":[{"href":"https:\/\/sectorprensa.com.ar\/index.php?rest_route=%2Fwp%2Fv2%2Fmedia&parent=76683"}],"wp:term":[{"taxonomy":"category","embeddable":true,"href":"https:\/\/sectorprensa.com.ar\/index.php?rest_route=%2Fwp%2Fv2%2Fcategories&post=76683"},{"taxonomy":"post_tag","embeddable":true,"href":"https:\/\/sectorprensa.com.ar\/index.php?rest_route=%2Fwp%2Fv2%2Ftags&post=76683"}],"curies":[{"name":"wp","href":"https:\/\/api.w.org\/{rel}","templated":true}]}}