{"id":76749,"date":"2025-10-22T00:10:45","date_gmt":"2025-10-22T03:10:45","guid":{"rendered":"https:\/\/sectorprensa.com.ar\/?p=76749"},"modified":"2025-10-22T00:10:45","modified_gmt":"2025-10-22T03:10:45","slug":"merlo-vibro-al-ritmo-del-mega-drum-fest-con-mas-de-50-artistas-en-escena","status":"publish","type":"post","link":"https:\/\/sectorprensa.com.ar\/?p=76749","title":{"rendered":"Merlo vibr\u00f3 al ritmo del \u201cMega Drum Fest\u201d con m\u00e1s de 50 artistas en escena"},"content":{"rendered":"\n<p><strong>Con entrada libre y gratuita, el evento reuni\u00f3 a bateristas, percusionistas y cantantes locales en El Tejadito. Hubo shows, cl\u00ednicas y demostraciones con la presencia de reconocidos m\u00fasicos nacionales e internacionales, en el marco de una propuesta cultural impulsada por el Municipio.<\/strong><\/p>\n\n\n\n<p>Con entrada libre y gratuita, vecinos de Merlo disfrutaron de \u201cMega Drum Fest\u201d, un evento cultural que reuni\u00f3 a m\u00e1s de 50 bateristas, percusionistas y cantantes merlenses y de distritos vecinos en El Tejadito. Hubo shows en vivo, cl\u00ednicas y demostraciones art\u00edsticas.<\/p>\n\n\n\n<p>El festival cont\u00f3 con la participaci\u00f3n de m\u00fasicos y artistas del \u00e1mbito nacional e internacional: Oscar Giunta, Carlos Riganti, Chino Piazza, Ian Giller Branco, Marcio Gaete, Gerardo Pricolo y Mart\u00edn Parrilla.<\/p>\n\n\n\n<p>El m\u00fasico Martin Parrilla, organizador del evento, destac\u00f3 que \u201clas posibilidades que nos da el municipio de Merlo son \u00fanicas, porque no en muchos lugares se puede hacer un festival da tanta calidad\u201d.<\/p>\n\n\n\n<p>\u201cEl Mega Drum Fest forma parte de las pol\u00edticas p\u00fablicas que impulsa el Gobierno Municipal, encabezado por el Intendente Gustavo Men\u00e9ndez, para acercar propuestas culturales gratuitas a los vecinos de Merlo\u201d, remarcaron desde el Municipio.<\/p>\n\n\n\n<figure class=\"wp-block-image size-full\"><img loading=\"lazy\" decoding=\"async\" width=\"814\" height=\"462\" src=\"https:\/\/sectorprensa.com.ar\/wp-content\/uploads\/2025\/10\/Captura-de-pantalla-2025-10-21-225917.png\" alt=\"\" class=\"wp-image-76751\" srcset=\"https:\/\/sectorprensa.com.ar\/wp-content\/uploads\/2025\/10\/Captura-de-pantalla-2025-10-21-225917.png 814w, https:\/\/sectorprensa.com.ar\/wp-content\/uploads\/2025\/10\/Captura-de-pantalla-2025-10-21-225917-300x170.png 300w, https:\/\/sectorprensa.com.ar\/wp-content\/uploads\/2025\/10\/Captura-de-pantalla-2025-10-21-225917-768x436.png 768w\" sizes=\"auto, (max-width: 814px) 100vw, 814px\" \/><\/figure>\n","protected":false},"excerpt":{"rendered":"<p>Con entrada libre y gratuita, el evento reuni\u00f3 a bateristas, percusionistas y cantantes locales en El Tejadito. Hubo shows, cl\u00ednicas<\/p>\n","protected":false},"author":6,"featured_media":76750,"comment_status":"closed","ping_status":"closed","sticky":false,"template":"","format":"standard","meta":{"colormag_page_container_layout":"default_layout","colormag_page_sidebar_layout":"default_layout","footnotes":""},"categories":[9,17,7],"tags":[],"class_list":["post-76749","post","type-post","status-publish","format-standard","has-post-thumbnail","hentry","category-cultura","category-destacadas","category-merlo"],"_links":{"self":[{"href":"https:\/\/sectorprensa.com.ar\/index.php?rest_route=\/wp\/v2\/posts\/76749","targetHints":{"allow":["GET"]}}],"collection":[{"href":"https:\/\/sectorprensa.com.ar\/index.php?rest_route=\/wp\/v2\/posts"}],"about":[{"href":"https:\/\/sectorprensa.com.ar\/index.php?rest_route=\/wp\/v2\/types\/post"}],"author":[{"embeddable":true,"href":"https:\/\/sectorprensa.com.ar\/index.php?rest_route=\/wp\/v2\/users\/6"}],"replies":[{"embeddable":true,"href":"https:\/\/sectorprensa.com.ar\/index.php?rest_route=%2Fwp%2Fv2%2Fcomments&post=76749"}],"version-history":[{"count":1,"href":"https:\/\/sectorprensa.com.ar\/index.php?rest_route=\/wp\/v2\/posts\/76749\/revisions"}],"predecessor-version":[{"id":76752,"href":"https:\/\/sectorprensa.com.ar\/index.php?rest_route=\/wp\/v2\/posts\/76749\/revisions\/76752"}],"wp:featuredmedia":[{"embeddable":true,"href":"https:\/\/sectorprensa.com.ar\/index.php?rest_route=\/wp\/v2\/media\/76750"}],"wp:attachment":[{"href":"https:\/\/sectorprensa.com.ar\/index.php?rest_route=%2Fwp%2Fv2%2Fmedia&parent=76749"}],"wp:term":[{"taxonomy":"category","embeddable":true,"href":"https:\/\/sectorprensa.com.ar\/index.php?rest_route=%2Fwp%2Fv2%2Fcategories&post=76749"},{"taxonomy":"post_tag","embeddable":true,"href":"https:\/\/sectorprensa.com.ar\/index.php?rest_route=%2Fwp%2Fv2%2Ftags&post=76749"}],"curies":[{"name":"wp","href":"https:\/\/api.w.org\/{rel}","templated":true}]}}