{"id":76806,"date":"2025-10-25T11:39:38","date_gmt":"2025-10-25T14:39:38","guid":{"rendered":"https:\/\/sectorprensa.com.ar\/?p=76806"},"modified":"2025-10-25T11:39:38","modified_gmt":"2025-10-25T14:39:38","slug":"mas-de-20-escuelas-de-merlo-abrieron-sus-puertas-para-vivir-la-noche-de-las-escuelas-museo","status":"publish","type":"post","link":"https:\/\/sectorprensa.com.ar\/?p=76806","title":{"rendered":"M\u00e1s de 20 escuelas de Merlo abrieron sus puertas para vivir \u201cLa Noche de las Escuelas Museo\u201d"},"content":{"rendered":"\n<p><strong>La propuesta educativa y cultural reuni\u00f3 a cientos de estudiantes que transformaron sus escuelas en espacios de aprendizaje interactivo. Con muestras, exposiciones y recorridos guiados, el evento destac\u00f3 el compromiso de las instituciones y el entusiasmo de los alumnos por compartir sus proyectos con la comunidad.<\/strong><\/p>\n\n\n\n<p>M\u00e1s de 20 escuelas de Merlo participaron de la iniciativa que transforma a los establecimientos educativos en espacios culturales de aprendizaje interactivo: \u201cLa Noche de las Escuelas Museo\u201d. Fueron 6 sedes, divididas en dos circuitos, donde alumnos expusieron trabajos educativos est\u00e1ticos y din\u00e1micos.<\/p>\n\n\n\n<p>El objetivo es reforzar el rol de las escuelas como espacios abiertos a la comunidad. \u201cSomos el primer distrito en la Provincia de Buenos Aires que realiza este evento. Cada sede alberga estudiantes de otras escuelas con exposiciones que demuestran inter\u00e9s por el proceso de educaci\u00f3n\u201d, expres\u00f3 el Subsecretario de Educaci\u00f3n, Rafael D\u00edaz.<\/p>\n\n\n\n<p>En este sentido, el funcionario destac\u00f3 que \u201cse trata del compromiso de las instituciones y del entusiasmo de los chicos por mostrar sus trabajos\u201d.<\/p>\n\n\n\n<p>El evento cont\u00f3 con la participaci\u00f3n de estudiantes de la Escuela de Educaci\u00f3n T\u00e9cnica N\u00b0 5 de Merlo (con orientaci\u00f3n en Turismo) que oficiaron de gu\u00edas del recorrido y de las muestras que tuvieron lugar en las sedes.<\/p>\n\n\n\n<p>El evento \u201cLa Noche de las Escuelas Museo\u201d result\u00f3 de un trabajo en conjunto entre la Secretar\u00eda de Cultura, Educaci\u00f3n, Deportes y Recreaci\u00f3n con la Subsecretar\u00eda de Educaci\u00f3n y la Jefatura Distrital de Educaci\u00f3n de Merlo. Las sedes fueron: EP N\u00ba33; EP N\u00ba38; EP N\u00ba57; CEBAS N\u00ba 29; E.P N\u00ba55; ES N\u00ba84.<\/p>\n","protected":false},"excerpt":{"rendered":"<p>La propuesta educativa y cultural reuni\u00f3 a cientos de estudiantes que transformaron sus escuelas en espacios de aprendizaje interactivo. Con<\/p>\n","protected":false},"author":6,"featured_media":76807,"comment_status":"closed","ping_status":"closed","sticky":false,"template":"","format":"standard","meta":{"colormag_page_container_layout":"default_layout","colormag_page_sidebar_layout":"default_layout","footnotes":""},"categories":[17,7,1173,10],"tags":[],"class_list":["post-76806","post","type-post","status-publish","format-standard","has-post-thumbnail","hentry","category-destacadas","category-merlo","category-municipales","category-sociedad"],"_links":{"self":[{"href":"https:\/\/sectorprensa.com.ar\/index.php?rest_route=\/wp\/v2\/posts\/76806","targetHints":{"allow":["GET"]}}],"collection":[{"href":"https:\/\/sectorprensa.com.ar\/index.php?rest_route=\/wp\/v2\/posts"}],"about":[{"href":"https:\/\/sectorprensa.com.ar\/index.php?rest_route=\/wp\/v2\/types\/post"}],"author":[{"embeddable":true,"href":"https:\/\/sectorprensa.com.ar\/index.php?rest_route=\/wp\/v2\/users\/6"}],"replies":[{"embeddable":true,"href":"https:\/\/sectorprensa.com.ar\/index.php?rest_route=%2Fwp%2Fv2%2Fcomments&post=76806"}],"version-history":[{"count":1,"href":"https:\/\/sectorprensa.com.ar\/index.php?rest_route=\/wp\/v2\/posts\/76806\/revisions"}],"predecessor-version":[{"id":76808,"href":"https:\/\/sectorprensa.com.ar\/index.php?rest_route=\/wp\/v2\/posts\/76806\/revisions\/76808"}],"wp:featuredmedia":[{"embeddable":true,"href":"https:\/\/sectorprensa.com.ar\/index.php?rest_route=\/wp\/v2\/media\/76807"}],"wp:attachment":[{"href":"https:\/\/sectorprensa.com.ar\/index.php?rest_route=%2Fwp%2Fv2%2Fmedia&parent=76806"}],"wp:term":[{"taxonomy":"category","embeddable":true,"href":"https:\/\/sectorprensa.com.ar\/index.php?rest_route=%2Fwp%2Fv2%2Fcategories&post=76806"},{"taxonomy":"post_tag","embeddable":true,"href":"https:\/\/sectorprensa.com.ar\/index.php?rest_route=%2Fwp%2Fv2%2Ftags&post=76806"}],"curies":[{"name":"wp","href":"https:\/\/api.w.org\/{rel}","templated":true}]}}